{"id":3052,"date":"2025-12-29T10:18:38","date_gmt":"2025-12-29T16:18:38","guid":{"rendered":"https:\/\/girasolmultimedios.com\/portal\/?p=3052"},"modified":"2025-12-29T10:18:38","modified_gmt":"2025-12-29T16:18:38","slug":"muere-menor-tras-accidente-en-motocicleta-que-recibio-de-sus-padres-en-mexico","status":"publish","type":"post","link":"https:\/\/girasolmultimedios.com\/portal\/muere-menor-tras-accidente-en-motocicleta-que-recibio-de-sus-padres-en-mexico\/","title":{"rendered":"Muere menor tras accidente en motocicleta que recibi\u00f3 de sus padres en M\u00e9xico"},"content":{"rendered":"\n<p>Un menor de 13 a\u00f1os falleci\u00f3 de manera tr\u00e1gica en la ciudad de\u00a0Tepic, estado de Nayarit, M\u00e9xico, luego de sufrir un accidente de tr\u00e1nsito pocas horas despu\u00e9s de recibir o utilizar una motocicleta durante la celebraci\u00f3n de la Navidad.<\/p>\n\n\n\n<p>Seg\u00fan informaci\u00f3n difundida por el periodista Luis Alberto Medina y citada por El Heraldo de M\u00e9xico, el adolescente sali\u00f3 a dar un paseo en la motocicleta acompa\u00f1ado de un amigo durante la madrugada del 25 de diciembre.<\/p>\n\n\n\n<p>Ambos circulaban por la avenida Colosio cuando una camioneta, presuntamente, se les cerr\u00f3 al paso, lo que provoc\u00f3 el accidente.<\/p>\n\n\n\n<p>Como consecuencia del impacto, el menor sali\u00f3 proyectado y sufri\u00f3 lesiones de gravedad que le causaron la muerte en el lugar. Su acompa\u00f1ante result\u00f3 herido y fue trasladado de emergencia a un centro hospitalario, donde permanece en estado delicado.<\/p>\n\n\n\n<p>Elementos policiales y cuerpos de socorro acudieron al sitio del accidente y confirmaron el fallecimiento del menor, adem\u00e1s de iniciar las diligencias correspondientes para esclarecer lo ocurrido.<\/p>\n\n\n\n<p>Tras conocer la noticia, los padres del adolescente llegaron al lugar para reconocer el cuerpo. Testigos relataron que la madre, visiblemente afectada, reclam\u00f3 al padre por haber permitido que el menor utilizara la motocicleta, en medio de una escena de profundo dolor.<\/p>\n\n\n\n<p>Aunque algunas versiones se\u00f1alan que la motocicleta fue un regalo de Navidad, otros reportes indican que el padre \u00fanicamente se la habr\u00eda prestado para que diera una vuelta.<\/p>\n\n\n\n<p>Las autoridades contin\u00faan con las investigaciones para determinar las responsabilidades y las circunstancias exactas del hecho.<\/p>\n\n\n\n<p>Este caso vuelve a poner en evidencia que los accidentes de tr\u00e1nsito contin\u00faan siendo una de las principales causas de muerte en M\u00e9xico y en varios pa\u00edses de Am\u00e9rica Latina.<\/p>\n","protected":false},"excerpt":{"rendered":"<p>Un menor de 13 a\u00f1os falleci\u00f3 de manera tr\u00e1gica en la ciudad de\u00a0Tepic, estado de Nayarit, M\u00e9xico, luego de sufrir un accidente de tr\u00e1nsito pocas horas despu\u00e9s de recibir o utilizar una motocicleta durante la celebraci\u00f3n de la Navidad. Seg\u00fan informaci\u00f3n difundida por el periodista Luis Alberto Medina y citada por El Heraldo de M\u00e9xico, [&hellip;]<\/p>\n","protected":false},"author":2,"featured_media":3053,"comment_status":"closed","ping_status":"open","sticky":false,"template":"","format":"standard","meta":{"_seopress_robots_primary_cat":"","_seopress_titles_title":"","_seopress_titles_desc":"","_seopress_robots_index":"","footnotes":""},"categories":[1],"tags":[],"class_list":["post-3052","post","type-post","status-publish","format-standard","has-post-thumbnail","hentry","category-sin-categoria"],"_links":{"self":[{"href":"https:\/\/girasolmultimedios.com\/portal\/wp-json\/wp\/v2\/posts\/3052","targetHints":{"allow":["GET"]}}],"collection":[{"href":"https:\/\/girasolmultimedios.com\/portal\/wp-json\/wp\/v2\/posts"}],"about":[{"href":"https:\/\/girasolmultimedios.com\/portal\/wp-json\/wp\/v2\/types\/post"}],"author":[{"embeddable":true,"href":"https:\/\/girasolmultimedios.com\/portal\/wp-json\/wp\/v2\/users\/2"}],"replies":[{"embeddable":true,"href":"https:\/\/girasolmultimedios.com\/portal\/wp-json\/wp\/v2\/comments?post=3052"}],"version-history":[{"count":1,"href":"https:\/\/girasolmultimedios.com\/portal\/wp-json\/wp\/v2\/posts\/3052\/revisions"}],"predecessor-version":[{"id":3054,"href":"https:\/\/girasolmultimedios.com\/portal\/wp-json\/wp\/v2\/posts\/3052\/revisions\/3054"}],"wp:featuredmedia":[{"embeddable":true,"href":"https:\/\/girasolmultimedios.com\/portal\/wp-json\/wp\/v2\/media\/3053"}],"wp:attachment":[{"href":"https:\/\/girasolmultimedios.com\/portal\/wp-json\/wp\/v2\/media?parent=3052"}],"wp:term":[{"taxonomy":"category","embeddable":true,"href":"https:\/\/girasolmultimedios.com\/portal\/wp-json\/wp\/v2\/categories?post=3052"},{"taxonomy":"post_tag","embeddable":true,"href":"https:\/\/girasolmultimedios.com\/portal\/wp-json\/wp\/v2\/tags?post=3052"}],"curies":[{"name":"wp","href":"https:\/\/api.w.org\/{rel}","templated":true}]}}