{"id":3064,"date":"2025-12-30T09:37:24","date_gmt":"2025-12-30T15:37:24","guid":{"rendered":"https:\/\/girasolmultimedios.com\/portal\/?p=3064"},"modified":"2025-12-30T09:37:25","modified_gmt":"2025-12-30T15:37:25","slug":"joven-muere-tras-caerle-una-piedra-mientras-cortaba-cafe","status":"publish","type":"post","link":"https:\/\/girasolmultimedios.com\/portal\/joven-muere-tras-caerle-una-piedra-mientras-cortaba-cafe\/","title":{"rendered":"Joven muere tras caerle una piedra mientras cortaba caf\u00e9"},"content":{"rendered":"\n<p>Un lamentable accidente ocurrido en una finca cafetalera de una aldea del municipio de San Andr\u00e9s, departamento de Lempira, dej\u00f3 como saldo la muerte de un joven mientras realizaba labores de corte de caf\u00e9.<\/p>\n\n\n\n<p>De acuerdo con informes preliminares, durante la jornada de trabajo una piedra se desprendi\u00f3 desde una zona elevada de la propiedad y cay\u00f3 sobre el joven, ocasion\u00e1ndole heridas de gravedad.<\/p>\n\n\n\n<p>Tras el incidente, fue auxiliado de inmediato y trasladado a un centro asistencial; sin embargo, pese a los esfuerzos m\u00e9dicos, falleci\u00f3 minutos despu\u00e9s.<\/p>\n\n\n\n<p>La v\u00edctima fue identificada como Josu\u00e9, originario de San Gabriel y residente en San Buenaventura. La noticia ha causado profunda consternaci\u00f3n entre familiares, amigos y vecinos de la comunidad.<\/p>\n\n\n\n<p>El hecho vuelve a poner en evidencia los riesgos a los que se enfrentan los trabajadores agr\u00edcolas, especialmente en terrenos irregulares y monta\u00f1osos caracter\u00edsticos de la regi\u00f3n.<\/p>\n\n\n\n<p>Pobladores hicieron un llamado a reforzar las medidas de seguridad durante las labores en fincas cafetaleras para prevenir tragedias similares.<\/p>\n","protected":false},"excerpt":{"rendered":"<p>Un lamentable accidente ocurrido en una finca cafetalera de una aldea del municipio de San Andr\u00e9s, departamento de Lempira, dej\u00f3 como saldo la muerte de un joven mientras realizaba labores de corte de caf\u00e9. De acuerdo con informes preliminares, durante la jornada de trabajo una piedra se desprendi\u00f3 desde una zona elevada de la propiedad [&hellip;]<\/p>\n","protected":false},"author":2,"featured_media":3065,"comment_status":"closed","ping_status":"open","sticky":false,"template":"","format":"standard","meta":{"_seopress_robots_primary_cat":"","_seopress_titles_title":"","_seopress_titles_desc":"","_seopress_robots_index":"","footnotes":""},"categories":[1],"tags":[],"class_list":["post-3064","post","type-post","status-publish","format-standard","has-post-thumbnail","hentry","category-sin-categoria"],"_links":{"self":[{"href":"https:\/\/girasolmultimedios.com\/portal\/wp-json\/wp\/v2\/posts\/3064","targetHints":{"allow":["GET"]}}],"collection":[{"href":"https:\/\/girasolmultimedios.com\/portal\/wp-json\/wp\/v2\/posts"}],"about":[{"href":"https:\/\/girasolmultimedios.com\/portal\/wp-json\/wp\/v2\/types\/post"}],"author":[{"embeddable":true,"href":"https:\/\/girasolmultimedios.com\/portal\/wp-json\/wp\/v2\/users\/2"}],"replies":[{"embeddable":true,"href":"https:\/\/girasolmultimedios.com\/portal\/wp-json\/wp\/v2\/comments?post=3064"}],"version-history":[{"count":1,"href":"https:\/\/girasolmultimedios.com\/portal\/wp-json\/wp\/v2\/posts\/3064\/revisions"}],"predecessor-version":[{"id":3066,"href":"https:\/\/girasolmultimedios.com\/portal\/wp-json\/wp\/v2\/posts\/3064\/revisions\/3066"}],"wp:featuredmedia":[{"embeddable":true,"href":"https:\/\/girasolmultimedios.com\/portal\/wp-json\/wp\/v2\/media\/3065"}],"wp:attachment":[{"href":"https:\/\/girasolmultimedios.com\/portal\/wp-json\/wp\/v2\/media?parent=3064"}],"wp:term":[{"taxonomy":"category","embeddable":true,"href":"https:\/\/girasolmultimedios.com\/portal\/wp-json\/wp\/v2\/categories?post=3064"},{"taxonomy":"post_tag","embeddable":true,"href":"https:\/\/girasolmultimedios.com\/portal\/wp-json\/wp\/v2\/tags?post=3064"}],"curies":[{"name":"wp","href":"https:\/\/api.w.org\/{rel}","templated":true}]}}