{"id":3073,"date":"2025-12-30T09:43:58","date_gmt":"2025-12-30T15:43:58","guid":{"rendered":"https:\/\/girasolmultimedios.com\/portal\/?p=3073"},"modified":"2025-12-30T09:43:58","modified_gmt":"2025-12-30T15:43:58","slug":"pavoroso-incendio-devasta-unos-100-puestos-en-el-medina-concepcion","status":"publish","type":"post","link":"https:\/\/girasolmultimedios.com\/portal\/pavoroso-incendio-devasta-unos-100-puestos-en-el-medina-concepcion\/","title":{"rendered":"Pavoroso incendio devasta unos 100 puestos en el Medina Concepci\u00f3n"},"content":{"rendered":"\n<p>San Pedro Sula. Un intenso incendio se registr\u00f3 en el mercado Medina, ubicado en el barrio Medina, 6 calle entre 4 y 5 avenidas, en pleno centro de San Pedro Sula.<\/p>\n\n\n\n<p>El fuego comenz\u00f3 alrededor de las 6:18 pm en un local de venta de cohetes, seg\u00fan reportes preliminares del Cuerpo de Bomberos, y se extendi\u00f3 r\u00e1pidamente a otros negocios.<\/p>\n\n\n\n<p>Unidades especializadas del Cuerpo de Bomberos, junto con personal de la alcald\u00eda y equipos de socorro, se desplazaron de inmediato para contener las llamas.<\/p>\n\n\n\n<p>La unidad HRB-01-198 fue una de las primeras en atender la emergencia. El trabajo se complic\u00f3 por la gran concentraci\u00f3n de humo, que dificult\u00f3 las labores de rescate y oblig\u00f3 a evacuar a comerciantes y clientes.<\/p>\n\n\n\n<p>Este incendio ocurre apenas un d\u00eda despu\u00e9s de otro siniestro reportado en la misma zona, lo que ha generado preocupaci\u00f3n entre los locatarios y vecinos por la vulnerabilidad del mercado.<\/p>\n\n\n\n<p>Autoridades investigan si existe relaci\u00f3n entre ambos hechos y no descartan que el origen est\u00e9 vinculado al manejo inadecuado de p\u00f3lvora.<\/p>\n\n\n\n<p>Lo anterior, ya que el mercado parec\u00eda el fin de a\u00f1o, al estallar morteros y todo tipo de p\u00f3lvora, que ten\u00edan almacenado en las bodegas del mercado.<\/p>\n\n\n\n<p>Hasta el momento se desconocen las causas exactas y el n\u00famero de negocios afectados, aunque se reportan p\u00e9rdidas materiales significativas, en unos 100 puestos.<\/p>\n\n\n\n<p>No se han confirmado v\u00edctimas, pero las autoridades mantienen la alerta y recomiendan evitar la zona para facilitar las labores de emergencia y prevenir accidentes.<\/p>\n\n\n\n<p>El Cuerpo de Bomberos anunci\u00f3 que continuar\u00e1 con las labores de enfriamiento y evaluaci\u00f3n de da\u00f1os.<\/p>\n\n\n\n<p>La municipalidad de San Pedro Sula convocar\u00e1 a una reuni\u00f3n con comerciantes para definir medidas de seguridad adicionales y evitar que se repitan tragedias como esta.<\/p>\n","protected":false},"excerpt":{"rendered":"<p>San Pedro Sula. Un intenso incendio se registr\u00f3 en el mercado Medina, ubicado en el barrio Medina, 6 calle entre 4 y 5 avenidas, en pleno centro de San Pedro Sula. El fuego comenz\u00f3 alrededor de las 6:18 pm en un local de venta de cohetes, seg\u00fan reportes preliminares del Cuerpo de Bomberos, y se [&hellip;]<\/p>\n","protected":false},"author":2,"featured_media":3074,"comment_status":"closed","ping_status":"open","sticky":false,"template":"","format":"standard","meta":{"_seopress_robots_primary_cat":"","_seopress_titles_title":"","_seopress_titles_desc":"","_seopress_robots_index":"","footnotes":""},"categories":[23],"tags":[],"class_list":["post-3073","post","type-post","status-publish","format-standard","has-post-thumbnail","hentry","category-nacionales"],"_links":{"self":[{"href":"https:\/\/girasolmultimedios.com\/portal\/wp-json\/wp\/v2\/posts\/3073","targetHints":{"allow":["GET"]}}],"collection":[{"href":"https:\/\/girasolmultimedios.com\/portal\/wp-json\/wp\/v2\/posts"}],"about":[{"href":"https:\/\/girasolmultimedios.com\/portal\/wp-json\/wp\/v2\/types\/post"}],"author":[{"embeddable":true,"href":"https:\/\/girasolmultimedios.com\/portal\/wp-json\/wp\/v2\/users\/2"}],"replies":[{"embeddable":true,"href":"https:\/\/girasolmultimedios.com\/portal\/wp-json\/wp\/v2\/comments?post=3073"}],"version-history":[{"count":1,"href":"https:\/\/girasolmultimedios.com\/portal\/wp-json\/wp\/v2\/posts\/3073\/revisions"}],"predecessor-version":[{"id":3075,"href":"https:\/\/girasolmultimedios.com\/portal\/wp-json\/wp\/v2\/posts\/3073\/revisions\/3075"}],"wp:featuredmedia":[{"embeddable":true,"href":"https:\/\/girasolmultimedios.com\/portal\/wp-json\/wp\/v2\/media\/3074"}],"wp:attachment":[{"href":"https:\/\/girasolmultimedios.com\/portal\/wp-json\/wp\/v2\/media?parent=3073"}],"wp:term":[{"taxonomy":"category","embeddable":true,"href":"https:\/\/girasolmultimedios.com\/portal\/wp-json\/wp\/v2\/categories?post=3073"},{"taxonomy":"post_tag","embeddable":true,"href":"https:\/\/girasolmultimedios.com\/portal\/wp-json\/wp\/v2\/tags?post=3073"}],"curies":[{"name":"wp","href":"https:\/\/api.w.org\/{rel}","templated":true}]}}