{"id":3082,"date":"2025-12-30T09:54:02","date_gmt":"2025-12-30T15:54:02","guid":{"rendered":"https:\/\/girasolmultimedios.com\/portal\/?p=3082"},"modified":"2025-12-30T09:54:02","modified_gmt":"2025-12-30T15:54:02","slug":"supuestos-enemigos-atacan-a-labriego","status":"publish","type":"post","link":"https:\/\/girasolmultimedios.com\/portal\/supuestos-enemigos-atacan-a-labriego\/","title":{"rendered":"Supuestos enemigos atacan a labriego"},"content":{"rendered":"\n<p>Un labriego muri\u00f3 violentamente al ser atacado a machetazos por presuntos enemigos que lo interceptaron en un paraje solitario del departamento de La Paz, zona central del pa\u00eds.<\/p>\n\n\n\n<p>De la morgue capitalina retiraron hoy lunes el cad\u00e1ver de Raymundo Ben\u00edtez de 35 a\u00f1os. El aldeano fue ultimado a eso de las 8:30 de la noche del domingo anterior en la aldea Las Minitas, de La Paz.<\/p>\n\n\n\n<p>Seg\u00fan los entristecidos parientes, Ben\u00edtez en estado de ebriedad pretend\u00eda regresar a su casa de habitaci\u00f3n. En el trayecto el campesino fue interceptado por al menos dos sujetos que sin mediar palabra le encestaron varios heridas corto punzantes quitando la vida al instante.&nbsp;<\/p>\n","protected":false},"excerpt":{"rendered":"<p>Un labriego muri\u00f3 violentamente al ser atacado a machetazos por presuntos enemigos que lo interceptaron en un paraje solitario del departamento de La Paz, zona central del pa\u00eds. De la morgue capitalina retiraron hoy lunes el cad\u00e1ver de Raymundo Ben\u00edtez de 35 a\u00f1os. El aldeano fue ultimado a eso de las 8:30 de la noche [&hellip;]<\/p>\n","protected":false},"author":2,"featured_media":3083,"comment_status":"closed","ping_status":"open","sticky":false,"template":"","format":"standard","meta":{"_seopress_robots_primary_cat":"","_seopress_titles_title":"","_seopress_titles_desc":"","_seopress_robots_index":"","footnotes":""},"categories":[1],"tags":[],"class_list":["post-3082","post","type-post","status-publish","format-standard","has-post-thumbnail","hentry","category-sin-categoria"],"_links":{"self":[{"href":"https:\/\/girasolmultimedios.com\/portal\/wp-json\/wp\/v2\/posts\/3082","targetHints":{"allow":["GET"]}}],"collection":[{"href":"https:\/\/girasolmultimedios.com\/portal\/wp-json\/wp\/v2\/posts"}],"about":[{"href":"https:\/\/girasolmultimedios.com\/portal\/wp-json\/wp\/v2\/types\/post"}],"author":[{"embeddable":true,"href":"https:\/\/girasolmultimedios.com\/portal\/wp-json\/wp\/v2\/users\/2"}],"replies":[{"embeddable":true,"href":"https:\/\/girasolmultimedios.com\/portal\/wp-json\/wp\/v2\/comments?post=3082"}],"version-history":[{"count":1,"href":"https:\/\/girasolmultimedios.com\/portal\/wp-json\/wp\/v2\/posts\/3082\/revisions"}],"predecessor-version":[{"id":3084,"href":"https:\/\/girasolmultimedios.com\/portal\/wp-json\/wp\/v2\/posts\/3082\/revisions\/3084"}],"wp:featuredmedia":[{"embeddable":true,"href":"https:\/\/girasolmultimedios.com\/portal\/wp-json\/wp\/v2\/media\/3083"}],"wp:attachment":[{"href":"https:\/\/girasolmultimedios.com\/portal\/wp-json\/wp\/v2\/media?parent=3082"}],"wp:term":[{"taxonomy":"category","embeddable":true,"href":"https:\/\/girasolmultimedios.com\/portal\/wp-json\/wp\/v2\/categories?post=3082"},{"taxonomy":"post_tag","embeddable":true,"href":"https:\/\/girasolmultimedios.com\/portal\/wp-json\/wp\/v2\/tags?post=3082"}],"curies":[{"name":"wp","href":"https:\/\/api.w.org\/{rel}","templated":true}]}}