{"id":3085,"date":"2025-12-30T09:56:18","date_gmt":"2025-12-30T15:56:18","guid":{"rendered":"https:\/\/girasolmultimedios.com\/portal\/?p=3085"},"modified":"2025-12-30T09:56:19","modified_gmt":"2025-12-30T15:56:19","slug":"angustia-terrible-por-desaparicion-de-jovenes","status":"publish","type":"post","link":"https:\/\/girasolmultimedios.com\/portal\/angustia-terrible-por-desaparicion-de-jovenes\/","title":{"rendered":"Angustia terrible por desaparici\u00f3n de j\u00f3venes"},"content":{"rendered":"\n<p>Sumamente preocupados se encuentra una familia, tras reportar como desaparecidos a dos j\u00f3venes en Comayagua, zona central de Honduras.<\/p>\n\n\n\n<p>Los muchachos seg\u00fan sus desesperados familiares son Wilson Joel L\u00f3pez Flores y Daniel L\u00f3pez Flores. Ambos muchachos originarios de Comayagua est\u00e1n desaparecidos desde el domingo anterior, por lo cual su familia est\u00e1 preocupada. No obstante, los parientes mantienen esperanzas de vida, entre ruegos y oraciones.<\/p>\n\n\n\n<p>Por tal raz\u00f3n, habilitaron n\u00fameros telef\u00f3nicos 92133939 y 92213460, en un intento de obtener noticias.<\/p>\n","protected":false},"excerpt":{"rendered":"<p>Sumamente preocupados se encuentra una familia, tras reportar como desaparecidos a dos j\u00f3venes en Comayagua, zona central de Honduras. Los muchachos seg\u00fan sus desesperados familiares son Wilson Joel L\u00f3pez Flores y Daniel L\u00f3pez Flores. Ambos muchachos originarios de Comayagua est\u00e1n desaparecidos desde el domingo anterior, por lo cual su familia est\u00e1 preocupada. No obstante, los [&hellip;]<\/p>\n","protected":false},"author":2,"featured_media":3086,"comment_status":"closed","ping_status":"open","sticky":false,"template":"","format":"standard","meta":{"_seopress_robots_primary_cat":"","_seopress_titles_title":"","_seopress_titles_desc":"","_seopress_robots_index":"","footnotes":""},"categories":[1],"tags":[],"class_list":["post-3085","post","type-post","status-publish","format-standard","has-post-thumbnail","hentry","category-sin-categoria"],"_links":{"self":[{"href":"https:\/\/girasolmultimedios.com\/portal\/wp-json\/wp\/v2\/posts\/3085","targetHints":{"allow":["GET"]}}],"collection":[{"href":"https:\/\/girasolmultimedios.com\/portal\/wp-json\/wp\/v2\/posts"}],"about":[{"href":"https:\/\/girasolmultimedios.com\/portal\/wp-json\/wp\/v2\/types\/post"}],"author":[{"embeddable":true,"href":"https:\/\/girasolmultimedios.com\/portal\/wp-json\/wp\/v2\/users\/2"}],"replies":[{"embeddable":true,"href":"https:\/\/girasolmultimedios.com\/portal\/wp-json\/wp\/v2\/comments?post=3085"}],"version-history":[{"count":1,"href":"https:\/\/girasolmultimedios.com\/portal\/wp-json\/wp\/v2\/posts\/3085\/revisions"}],"predecessor-version":[{"id":3087,"href":"https:\/\/girasolmultimedios.com\/portal\/wp-json\/wp\/v2\/posts\/3085\/revisions\/3087"}],"wp:featuredmedia":[{"embeddable":true,"href":"https:\/\/girasolmultimedios.com\/portal\/wp-json\/wp\/v2\/media\/3086"}],"wp:attachment":[{"href":"https:\/\/girasolmultimedios.com\/portal\/wp-json\/wp\/v2\/media?parent=3085"}],"wp:term":[{"taxonomy":"category","embeddable":true,"href":"https:\/\/girasolmultimedios.com\/portal\/wp-json\/wp\/v2\/categories?post=3085"},{"taxonomy":"post_tag","embeddable":true,"href":"https:\/\/girasolmultimedios.com\/portal\/wp-json\/wp\/v2\/tags?post=3085"}],"curies":[{"name":"wp","href":"https:\/\/api.w.org\/{rel}","templated":true}]}}