{"id":3091,"date":"2025-12-30T09:59:51","date_gmt":"2025-12-30T15:59:51","guid":{"rendered":"https:\/\/girasolmultimedios.com\/portal\/?p=3091"},"modified":"2025-12-30T09:59:51","modified_gmt":"2025-12-30T15:59:51","slug":"un-1-4-incrementa-la-agricultura-ganaderia-silvicultura-y-pesca","status":"publish","type":"post","link":"https:\/\/girasolmultimedios.com\/portal\/un-1-4-incrementa-la-agricultura-ganaderia-silvicultura-y-pesca\/","title":{"rendered":"Un 1.4% incrementa la agricultura, ganader\u00eda, silvicultura y pesca"},"content":{"rendered":"\n<p>La producci\u00f3n de agricultura, ganader\u00eda, silvicultura y pesca se increment\u00f3 1.4 por ciento en los primeros diez meses del 2025, particularmente por el desempe\u00f1o del cultivo de caf\u00e9, cuyo precio internacional se mantuvo en niveles elevados, debido a la reducci\u00f3n de la producci\u00f3n global (especialmente en Brasil), lo que permiti\u00f3 a los productores nacionales aprovechar esas condiciones.<\/p>\n\n\n\n<p>En el \u00cdndice Mensual de Actividad Econ\u00f3mica (IMAE), que aglutina a diferentes sectores, se resalt\u00f3 el apoyo otorgado por el gobierno, a trav\u00e9s del bono tecnol\u00f3gico productivo, permiti\u00f3 el incremento en la producci\u00f3n de granos b\u00e1sicos, destacando el cultivo de frijol, que mostr\u00f3 un crecimiento acumulado de 13.7 por ciento. De igual manera, como factores determinantes, se suman el buen desempe\u00f1o de la producci\u00f3n de tub\u00e9rculos y hortalizas y los mejores rendimientos en el cultivo de ca\u00f1a de az\u00facar.<\/p>\n\n\n\n<p>En cuanto a las actividades av\u00edcolas, estas reflejan alza en respuesta a la demanda tanto de la industria como de los hogares; y las acu\u00edcolas, al mostrar aumentos en la producci\u00f3n de tilapia y camar\u00f3n de cultivo, este \u00faltimo incentivado por la demanda procedente de M\u00e9xico, Reino Unido y<\/p>\n\n\n\n<p>Francia. A octubre de 2025, el \u00cdndice Mensual de Actividad Econ\u00f3mica reflej\u00f3 un aumento de 3.6 por ciento.<\/p>\n\n\n\n<p><\/p>\n","protected":false},"excerpt":{"rendered":"<p>La producci\u00f3n de agricultura, ganader\u00eda, silvicultura y pesca se increment\u00f3 1.4 por ciento en los primeros diez meses del 2025, particularmente por el desempe\u00f1o del cultivo de caf\u00e9, cuyo precio internacional se mantuvo en niveles elevados, debido a la reducci\u00f3n de la producci\u00f3n global (especialmente en Brasil), lo que permiti\u00f3 a los productores nacionales aprovechar [&hellip;]<\/p>\n","protected":false},"author":2,"featured_media":3092,"comment_status":"closed","ping_status":"open","sticky":false,"template":"","format":"standard","meta":{"_seopress_robots_primary_cat":"","_seopress_titles_title":"","_seopress_titles_desc":"","_seopress_robots_index":"","footnotes":""},"categories":[1],"tags":[],"class_list":["post-3091","post","type-post","status-publish","format-standard","has-post-thumbnail","hentry","category-sin-categoria"],"_links":{"self":[{"href":"https:\/\/girasolmultimedios.com\/portal\/wp-json\/wp\/v2\/posts\/3091","targetHints":{"allow":["GET"]}}],"collection":[{"href":"https:\/\/girasolmultimedios.com\/portal\/wp-json\/wp\/v2\/posts"}],"about":[{"href":"https:\/\/girasolmultimedios.com\/portal\/wp-json\/wp\/v2\/types\/post"}],"author":[{"embeddable":true,"href":"https:\/\/girasolmultimedios.com\/portal\/wp-json\/wp\/v2\/users\/2"}],"replies":[{"embeddable":true,"href":"https:\/\/girasolmultimedios.com\/portal\/wp-json\/wp\/v2\/comments?post=3091"}],"version-history":[{"count":1,"href":"https:\/\/girasolmultimedios.com\/portal\/wp-json\/wp\/v2\/posts\/3091\/revisions"}],"predecessor-version":[{"id":3093,"href":"https:\/\/girasolmultimedios.com\/portal\/wp-json\/wp\/v2\/posts\/3091\/revisions\/3093"}],"wp:featuredmedia":[{"embeddable":true,"href":"https:\/\/girasolmultimedios.com\/portal\/wp-json\/wp\/v2\/media\/3092"}],"wp:attachment":[{"href":"https:\/\/girasolmultimedios.com\/portal\/wp-json\/wp\/v2\/media?parent=3091"}],"wp:term":[{"taxonomy":"category","embeddable":true,"href":"https:\/\/girasolmultimedios.com\/portal\/wp-json\/wp\/v2\/categories?post=3091"},{"taxonomy":"post_tag","embeddable":true,"href":"https:\/\/girasolmultimedios.com\/portal\/wp-json\/wp\/v2\/tags?post=3091"}],"curies":[{"name":"wp","href":"https:\/\/api.w.org\/{rel}","templated":true}]}}