{"id":3094,"date":"2026-01-02T09:40:13","date_gmt":"2026-01-02T15:40:13","guid":{"rendered":"https:\/\/girasolmultimedios.com\/portal\/?p=3094"},"modified":"2026-01-02T09:40:13","modified_gmt":"2026-01-02T15:40:13","slug":"mortero-le-mutila-dedos-a-menor-de-9-anos","status":"publish","type":"post","link":"https:\/\/girasolmultimedios.com\/portal\/mortero-le-mutila-dedos-a-menor-de-9-anos\/","title":{"rendered":"Mortero le mutila dedos a menor de 9 a\u00f1os"},"content":{"rendered":"\n<p>En las primeras horas del 1 de enero ingres\u00f3 a la emergencia del Hospital Escuela (HE), un menor de 9 a\u00f1os, remitido desde el Hospital Santa Teresa, por las severas lesiones que le ocasion\u00f3 la explosi\u00f3n de un mortero.<\/p>\n\n\n\n<p>Tras la celebraci\u00f3n de A\u00f1o Nuevo y la quema del \u201cpichingo\u201d, el ni\u00f1o recogi\u00f3 un mortero que a\u00fan estaba encendido y estall\u00f3 en su mano izquierda mutil\u00e1ndole algunos dedos.<\/p>\n\n\n\n<p>El portavoz del HE, Miguel Osorio, detall\u00f3 que preliminarmente se conoce que el ni\u00f1o perdi\u00f3 dos dedos, pero que sigue siendo atendido por distintas especialidades y se le practican ex\u00e1menes.<\/p>\n\n\n\n<p>\u201c\u00c9l lleg\u00f3 procedente de Comayagua, del hospital regional. Este ni\u00f1o desafortunadamente pierde algunos deditos de su mano, es un da\u00f1o irreparable, los padres relatan que entre los desperdicios que dej\u00f3 la quema del a\u00f1o viejo encontr\u00f3 el artefacto, lo tom\u00f3, explot\u00f3 en su mano lamentablemente\u201d. Actualmente son tres pacientes hospitalizados, una joven originaria de Santa B\u00e1rbara, est\u00e1 en condiciones cr\u00edticas\u201d, resalt\u00f3 Osorio.<\/p>\n\n\n\n<p>Actualmente permanecen ingresados dos pacientes pedi\u00e1tricos y un adulto con lesiones por p\u00f3lvora, desde el centro hospitalario se exhorta a los padres de familia a no quemar p\u00f3lvora y vigilar a sus peque\u00f1os en todo momento,<\/p>\n\n\n\n<p>Mientras que, en San Pedro Sula, las cifras han sido m\u00e1s altas y solo en las \u00faltimas horas se han reportado siete pacientes afectados por p\u00f3lvora, tres de ellos pacientes pedi\u00e1tricos y cuatro adultos.<\/p>\n\n\n\n<p>En el Hospital Mario Catarino Rivas ingresaron siete pacientes, la mayor\u00eda de ellos con lesiones en sus manos, uno de ellos con amputaciones, resalt\u00f3 la doctora Escarleth Mej\u00eda.<\/p>\n\n\n\n<p><em><strong>DATOS<\/strong><\/em><br>\u201cEs lamentable seguir dando estas tristes noticias, ingresaron siete pacientes, cuatro adultos, los otros son adolescentes y ni\u00f1os. En su mayor\u00eda tienen lesiones en sus manos, un peque\u00f1o de seis a\u00f1os perdi\u00f3 su dedito por la explosi\u00f3n de un mortero\u201d.<\/p>\n","protected":false},"excerpt":{"rendered":"<p>En las primeras horas del 1 de enero ingres\u00f3 a la emergencia del Hospital Escuela (HE), un menor de 9 a\u00f1os, remitido desde el Hospital Santa Teresa, por las severas lesiones que le ocasion\u00f3 la explosi\u00f3n de un mortero. Tras la celebraci\u00f3n de A\u00f1o Nuevo y la quema del \u201cpichingo\u201d, el ni\u00f1o recogi\u00f3 un mortero [&hellip;]<\/p>\n","protected":false},"author":2,"featured_media":3095,"comment_status":"closed","ping_status":"open","sticky":false,"template":"","format":"standard","meta":{"_seopress_robots_primary_cat":"","_seopress_titles_title":"","_seopress_titles_desc":"","_seopress_robots_index":"","footnotes":""},"categories":[1],"tags":[],"class_list":["post-3094","post","type-post","status-publish","format-standard","has-post-thumbnail","hentry","category-sin-categoria"],"_links":{"self":[{"href":"https:\/\/girasolmultimedios.com\/portal\/wp-json\/wp\/v2\/posts\/3094","targetHints":{"allow":["GET"]}}],"collection":[{"href":"https:\/\/girasolmultimedios.com\/portal\/wp-json\/wp\/v2\/posts"}],"about":[{"href":"https:\/\/girasolmultimedios.com\/portal\/wp-json\/wp\/v2\/types\/post"}],"author":[{"embeddable":true,"href":"https:\/\/girasolmultimedios.com\/portal\/wp-json\/wp\/v2\/users\/2"}],"replies":[{"embeddable":true,"href":"https:\/\/girasolmultimedios.com\/portal\/wp-json\/wp\/v2\/comments?post=3094"}],"version-history":[{"count":1,"href":"https:\/\/girasolmultimedios.com\/portal\/wp-json\/wp\/v2\/posts\/3094\/revisions"}],"predecessor-version":[{"id":3096,"href":"https:\/\/girasolmultimedios.com\/portal\/wp-json\/wp\/v2\/posts\/3094\/revisions\/3096"}],"wp:featuredmedia":[{"embeddable":true,"href":"https:\/\/girasolmultimedios.com\/portal\/wp-json\/wp\/v2\/media\/3095"}],"wp:attachment":[{"href":"https:\/\/girasolmultimedios.com\/portal\/wp-json\/wp\/v2\/media?parent=3094"}],"wp:term":[{"taxonomy":"category","embeddable":true,"href":"https:\/\/girasolmultimedios.com\/portal\/wp-json\/wp\/v2\/categories?post=3094"},{"taxonomy":"post_tag","embeddable":true,"href":"https:\/\/girasolmultimedios.com\/portal\/wp-json\/wp\/v2\/tags?post=3094"}],"curies":[{"name":"wp","href":"https:\/\/api.w.org\/{rel}","templated":true}]}}