{"id":3106,"date":"2026-01-02T09:46:13","date_gmt":"2026-01-02T15:46:13","guid":{"rendered":"https:\/\/girasolmultimedios.com\/portal\/?p=3106"},"modified":"2026-01-02T09:46:13","modified_gmt":"2026-01-02T15:46:13","slug":"catolicos-oraron-por-la-paz-del-pais-en-este-ano-nuevo","status":"publish","type":"post","link":"https:\/\/girasolmultimedios.com\/portal\/catolicos-oraron-por-la-paz-del-pais-en-este-ano-nuevo\/","title":{"rendered":"Cat\u00f3licos oraron por la paz del pa\u00eds en este a\u00f1o nuevo"},"content":{"rendered":"\n<p>Muchas familias se reunieron para participar de la \u00faltima misa del 2025, para orar por el nuevo a\u00f1o, que traiga mejores oportunidades, pero sobre todo paz haciendo la voluntad de Dios.<\/p>\n\n\n\n<p>\u201cSigamos las huellas del se\u00f1or Jes\u00fas, Mar\u00eda es feliz cuando ve que sus hijos escuchan la palabra y la ponen en pr\u00e1ctica\u201d, resalt\u00f3 el rector de la bas\u00edlica meno de Suyapa, padre Carlo Magno.<\/p>\n\n\n\n<p>El p\u00e1rroco en su mensaje resalt\u00f3 la importancia de iniciar el a\u00f1o confiando y haciendo la voluntad de Dios, y celebrando la solemnidad de santa Mar\u00eda de Dios, en el primer d\u00eda del a\u00f1o.<\/p>\n\n\n\n<p>Con fe y gratitud, los feligreses se congregaron para agradecer por el 2025 y encomendar el 2026 a la intersecci\u00f3n de la virgen Mar\u00eda, en esta eucarist\u00eda que cada a\u00f1o re\u00fane a muchas familias capitalinas.<\/p>\n\n\n\n<p>\u201cPodemos decir que tanto nos am\u00f3 Mar\u00eda que ella tambi\u00e9n nos entreg\u00f3 a su hijo \u00fanico para que todos tengamos vida eterna. De la mano de Mar\u00eda en este a\u00f1o que vamos a comenzar, sigamos las huellas de Jes\u00fas\u201d, recalc\u00f3.<\/p>\n\n\n\n<p>La Iglesia cat\u00f3lica en Tegucigalpa realiz\u00f3 40 horas de adoraci\u00f3n que iniciaron desde el 31 de diciembre, y culmin\u00f3 con una eucarist\u00eda solemne a las 7:00 de la noche del 1 de enero.<\/p>\n\n\n\n<p>El acto religioso se desarroll\u00f3 en la Catedral Metropolitana San Miguel Arc\u00e1ngel de donde a partir de las 5:00 de la ma\u00f1ana del 31 se inici\u00f3 con las 40 horas de adoraci\u00f3n, oraciones y alabanzas.<\/p>\n\n\n\n<p>De acuerdo al programa, varias parroquias desarrollaron una hora santa con la exposici\u00f3n de Jes\u00fas Sacramentado. El objetivo de este acto era pedir paz para el pa\u00eds y despedir el 2025 y recibir el 2026 en adoraci\u00f3n, indicaron los organizadores.<\/p>\n\n\n\n<p>Esta no es la primera vez que se realiza una jornada extensa de adoraci\u00f3n por parte de la Arquidi\u00f3cesis de Tegucigalpa, ya se considera una tradici\u00f3n para finalizar el a\u00f1o y dar la bienvenida a uno nuevo con 40 horas de adoraci\u00f3n.<\/p>\n","protected":false},"excerpt":{"rendered":"<p>Muchas familias se reunieron para participar de la \u00faltima misa del 2025, para orar por el nuevo a\u00f1o, que traiga mejores oportunidades, pero sobre todo paz haciendo la voluntad de Dios. \u201cSigamos las huellas del se\u00f1or Jes\u00fas, Mar\u00eda es feliz cuando ve que sus hijos escuchan la palabra y la ponen en pr\u00e1ctica\u201d, resalt\u00f3 el [&hellip;]<\/p>\n","protected":false},"author":2,"featured_media":3107,"comment_status":"closed","ping_status":"open","sticky":false,"template":"","format":"standard","meta":{"_seopress_robots_primary_cat":"","_seopress_titles_title":"","_seopress_titles_desc":"","_seopress_robots_index":"","footnotes":""},"categories":[1],"tags":[],"class_list":["post-3106","post","type-post","status-publish","format-standard","has-post-thumbnail","hentry","category-sin-categoria"],"_links":{"self":[{"href":"https:\/\/girasolmultimedios.com\/portal\/wp-json\/wp\/v2\/posts\/3106","targetHints":{"allow":["GET"]}}],"collection":[{"href":"https:\/\/girasolmultimedios.com\/portal\/wp-json\/wp\/v2\/posts"}],"about":[{"href":"https:\/\/girasolmultimedios.com\/portal\/wp-json\/wp\/v2\/types\/post"}],"author":[{"embeddable":true,"href":"https:\/\/girasolmultimedios.com\/portal\/wp-json\/wp\/v2\/users\/2"}],"replies":[{"embeddable":true,"href":"https:\/\/girasolmultimedios.com\/portal\/wp-json\/wp\/v2\/comments?post=3106"}],"version-history":[{"count":1,"href":"https:\/\/girasolmultimedios.com\/portal\/wp-json\/wp\/v2\/posts\/3106\/revisions"}],"predecessor-version":[{"id":3108,"href":"https:\/\/girasolmultimedios.com\/portal\/wp-json\/wp\/v2\/posts\/3106\/revisions\/3108"}],"wp:featuredmedia":[{"embeddable":true,"href":"https:\/\/girasolmultimedios.com\/portal\/wp-json\/wp\/v2\/media\/3107"}],"wp:attachment":[{"href":"https:\/\/girasolmultimedios.com\/portal\/wp-json\/wp\/v2\/media?parent=3106"}],"wp:term":[{"taxonomy":"category","embeddable":true,"href":"https:\/\/girasolmultimedios.com\/portal\/wp-json\/wp\/v2\/categories?post=3106"},{"taxonomy":"post_tag","embeddable":true,"href":"https:\/\/girasolmultimedios.com\/portal\/wp-json\/wp\/v2\/tags?post=3106"}],"curies":[{"name":"wp","href":"https:\/\/api.w.org\/{rel}","templated":true}]}}