{"id":3130,"date":"2026-01-03T04:35:30","date_gmt":"2026-01-03T10:35:30","guid":{"rendered":"https:\/\/girasolmultimedios.com\/portal\/?p=3130"},"modified":"2026-01-03T04:35:30","modified_gmt":"2026-01-03T10:35:30","slug":"mujer-muere-aplastada-por-contenedor-en-el-bulevar-del-este-de-san-pedro-sula","status":"publish","type":"post","link":"https:\/\/girasolmultimedios.com\/portal\/mujer-muere-aplastada-por-contenedor-en-el-bulevar-del-este-de-san-pedro-sula\/","title":{"rendered":"Mujer muere aplastada por contenedor en el bulevar del Este de San Pedro Sula"},"content":{"rendered":"\n<p>Una mujer perdi\u00f3 la vida de forma tr\u00e1gica la ma\u00f1ana del jueves tras ser\u00a0<strong>aplastada por el contenedor de una rastra<\/strong>\u00a0que se volc\u00f3 en el\u00a0<strong>bulevar del Este, frente a Plaza Sat\u00e9lite<\/strong>, en San Pedro Sula.<\/p>\n\n\n\n<p>De acuerdo con informaci\u00f3n preliminar recabada en el lugar, el accidente ocurri\u00f3 cuando una rastra que transitaba por la zona perdi\u00f3 el control y termin\u00f3 volcada, impactando directamente contra una parada de buses, donde se encontraban varias personas esperando transporte.<\/p>\n\n\n\n<p>La v\u00edctima, una mujer cuya edad se estima entre 50 y 60 a\u00f1os, qued\u00f3 atrapada debajo del contenedor y\u00a0<strong>muri\u00f3 de manera inmediata<\/strong>\u00a0producto del impacto.<\/p>\n\n\n\n<p>Su cuerpo fue cubierto con un nylon negro mientras se esperaba la llegada de las autoridades competentes.<\/p>\n\n\n\n<h2 class=\"wp-block-heading\">Versiones preliminares del accidente<\/h2>\n\n\n\n<p>Inicialmente, se manej\u00f3 la hip\u00f3tesis de que el&nbsp;<strong>conductor de la rastra se habr\u00eda quedado dormido<\/strong>; sin embargo, testigos en la zona brindaron otra versi\u00f3n.<\/p>\n\n\n\n<p>Seg\u00fan relataron, un bus tipo &#8216;rapidito&#8217; se habr\u00eda detenido de forma repentina, lo que oblig\u00f3 al conductor de la rastra a frenar bruscamente, provocando que perdiera el control del pesado veh\u00edculo.<\/p>\n\n\n\n<p>\u00abHab\u00eda bastante gente esperando bus. Algunos corrieron, si no, tambi\u00e9n los mata\u00bb, relat\u00f3 un testigo que se encontraba en el lugar, quien a\u00f1adi\u00f3 que el rapidito se dio a la fuga tras el incidente.<\/p>\n\n\n\n<h3 class=\"wp-block-heading\">Da\u00f1os que dej\u00f3 el accidente<\/h3>\n\n\n\n<p>El contenedor destruy\u00f3 por completo la parada de buses, asientos y un r\u00f3tulo ubicado frente a Plaza Sat\u00e9lite.<\/p>\n\n\n\n<p>En la escena se observaba derrame de aceite y combustible sobre el pavimento, mientras equipos de emergencias del 911 y param\u00e9dicos atend\u00edan la situaci\u00f3n.<\/p>\n\n\n\n<p>Hasta el momento, solo se confirma una persona fallecida, aunque las autoridades no descartan que haya m\u00e1s afectados.<\/p>\n\n\n\n<p>Agentes de la Polic\u00eda Nacional ya se encuentran en el sitio para acordar el \u00e1rea e iniciar las investigaciones, que determinar\u00e1n las responsabilidades y la causa exacta del accidente.<\/p>\n","protected":false},"excerpt":{"rendered":"<p>Una mujer perdi\u00f3 la vida de forma tr\u00e1gica la ma\u00f1ana del jueves tras ser\u00a0aplastada por el contenedor de una rastra\u00a0que se volc\u00f3 en el\u00a0bulevar del Este, frente a Plaza Sat\u00e9lite, en San Pedro Sula. De acuerdo con informaci\u00f3n preliminar recabada en el lugar, el accidente ocurri\u00f3 cuando una rastra que transitaba por la zona perdi\u00f3 [&hellip;]<\/p>\n","protected":false},"author":2,"featured_media":3131,"comment_status":"closed","ping_status":"open","sticky":false,"template":"","format":"standard","meta":{"_seopress_robots_primary_cat":"","_seopress_titles_title":"","_seopress_titles_desc":"","_seopress_robots_index":"","footnotes":""},"categories":[23],"tags":[25,214],"class_list":["post-3130","post","type-post","status-publish","format-standard","has-post-thumbnail","hentry","category-nacionales","tag-honduras","tag-sucesos"],"_links":{"self":[{"href":"https:\/\/girasolmultimedios.com\/portal\/wp-json\/wp\/v2\/posts\/3130","targetHints":{"allow":["GET"]}}],"collection":[{"href":"https:\/\/girasolmultimedios.com\/portal\/wp-json\/wp\/v2\/posts"}],"about":[{"href":"https:\/\/girasolmultimedios.com\/portal\/wp-json\/wp\/v2\/types\/post"}],"author":[{"embeddable":true,"href":"https:\/\/girasolmultimedios.com\/portal\/wp-json\/wp\/v2\/users\/2"}],"replies":[{"embeddable":true,"href":"https:\/\/girasolmultimedios.com\/portal\/wp-json\/wp\/v2\/comments?post=3130"}],"version-history":[{"count":1,"href":"https:\/\/girasolmultimedios.com\/portal\/wp-json\/wp\/v2\/posts\/3130\/revisions"}],"predecessor-version":[{"id":3132,"href":"https:\/\/girasolmultimedios.com\/portal\/wp-json\/wp\/v2\/posts\/3130\/revisions\/3132"}],"wp:featuredmedia":[{"embeddable":true,"href":"https:\/\/girasolmultimedios.com\/portal\/wp-json\/wp\/v2\/media\/3131"}],"wp:attachment":[{"href":"https:\/\/girasolmultimedios.com\/portal\/wp-json\/wp\/v2\/media?parent=3130"}],"wp:term":[{"taxonomy":"category","embeddable":true,"href":"https:\/\/girasolmultimedios.com\/portal\/wp-json\/wp\/v2\/categories?post=3130"},{"taxonomy":"post_tag","embeddable":true,"href":"https:\/\/girasolmultimedios.com\/portal\/wp-json\/wp\/v2\/tags?post=3130"}],"curies":[{"name":"wp","href":"https:\/\/api.w.org\/{rel}","templated":true}]}}