{"id":3133,"date":"2026-01-03T04:39:19","date_gmt":"2026-01-03T10:39:19","guid":{"rendered":"https:\/\/girasolmultimedios.com\/portal\/?p=3133"},"modified":"2026-01-03T04:39:19","modified_gmt":"2026-01-03T10:39:19","slug":"el-expresidente-de-honduras-juan-orlando-hernandez-basta-ya-de-estar-jodiendo-con-mi-nombre","status":"publish","type":"post","link":"https:\/\/girasolmultimedios.com\/portal\/el-expresidente-de-honduras-juan-orlando-hernandez-basta-ya-de-estar-jodiendo-con-mi-nombre\/","title":{"rendered":"El expresidente de Honduras Juan Orlando Hern\u00e1ndez: \u00abBasta ya de estar jodiendo con mi nombre\u00bb"},"content":{"rendered":"\n<p>&nbsp;El expresidente hondure\u00f1o Juan Orlando Hern\u00e1ndez (2014-2022) pidi\u00f3 este viernes que se deje de usar su nombre para \u00abdesviar la atenci\u00f3n\u00bb de los problemas del pa\u00eds y asegur\u00f3 que regresar\u00e1 a Honduras \u00abcuando se den las condiciones\u00bb, despu\u00e9s de ser indultado en noviembre por el presidente de Estados Unidos, Donald Trump, tras ser condenado a 45 a\u00f1os de prisi\u00f3n por narcotr\u00e1fico y comercio ilegal de armas.<\/p>\n\n\n\n<p>\u201cBasta ya de estar jodiendo con mi nombre. De ahora en adelante me voy a asegurar de que la gente conozca la verdad\u201d, subray\u00f3 el exmandatario en declaraciones al canal de televisi\u00f3n Hable Como Habla (HCH) en Tegucigalpa.<\/p>\n\n\n\n<p>Dijo que ofrecer\u00e1 su versi\u00f3n sobre \u00ablo que realmente ocurri\u00f3\u00bb en su proceso judicial en Nueva York, algo que, advirti\u00f3, \u00abva a incomodar a algunos\u00bb.<\/p>\n\n\n\n<p>Hern\u00e1ndez lament\u00f3 que durante m\u00e1s de una d\u00e9cada y a\u00fan despu\u00e9s de las elecciones generales en Honduras del pasado 30 de noviembre sigan usando su nombre \u00abpara desviar la atenci\u00f3n\u00bb, culp\u00e1ndolo \u00abde todo\u00bb.<\/p>\n\n\n\n<h2 class=\"wp-block-heading\" id=\"h-un-milagro-tras-la-condena\">Un \u00abmilagro\u00bb tras la condena<\/h2>\n\n\n\n<p>Hern\u00e1ndez, quien gobern\u00f3 Honduras entre 2014 y 2022, calific\u00f3 su liberaci\u00f3n como un \u201cmilagro\u201d\u00a0y reiter\u00f3 su agradecimiento a Trump por haberle concedido un \u201cperd\u00f3n absoluto e incondicional\u201d.<\/p>\n\n\n\n<p>El exjefe de Estado, quien estuvo m\u00e1s de tres a\u00f1os recluido en una c\u00e1rcel de Nueva York, donde en junio de 2024\u00a0se le conden\u00f3 a 45 a\u00f1os de prisi\u00f3n por los delitos de narcotr\u00e1fico y comercio ilegal de armas, afirm\u00f3 que su proceso fue una \u201cutilizaci\u00f3n del sistema judicial como arma pol\u00edtica\u201d por parte de la \u201cizquierda radical\u201d de Honduras y Sudam\u00e9rica para \u201cencubrir los verdaderos lazos del narcotr\u00e1fico\u201d.<\/p>\n\n\n\n<p>\u00abSe ha manchado el nombre de una generaci\u00f3n de hondure\u00f1os que decidimos arriesgarlo todo para enfrentar a los narcos y la criminalidad\u00bb, manifest\u00f3 Hern\u00e1ndez.<\/p>\n\n\n\n<p>Sostuvo que en su \u201ccoraz\u00f3n no hay rencor\u201d hacia quienes le causaron da\u00f1o, aunque reconoci\u00f3 que lo ocurrido resulta \u201cduro\u201d tanto para \u00e9l como para su familia.<\/p>\n\n\n\n<p>Hern\u00e1ndez insisti\u00f3 en que su extradici\u00f3n y enjuiciamiento en EE.UU. es el resultado de una \u201cconfabulaci\u00f3n\u201d entre sectores de la izquierda radical hondure\u00f1a, narcotraficantes y actores pol\u00edticos tanto de Honduras como de Estados Unidos.<\/p>\n\n\n\n<h2 class=\"wp-block-heading\" id=\"h-regresara-a-honduras-cuando-existan-condiciones\">Regresar\u00e1 a Honduras cuando existan condiciones<\/h2>\n\n\n\n<p>Sobre su futuro inmediato, indic\u00f3 que su prioridad es reencontrarse con su familia y recuperar \u201cel buen nombre\u201d, as\u00ed como los bienes que le confiscaron durante el proceso judicial.<\/p>\n\n\n\n<p>Aunque no precis\u00f3 una fecha, reiter\u00f3 su aspiraci\u00f3n de regresar a Honduras en cuanto \u00abse d\u00e9 la oportunidad\u00bb y existan las condiciones de seguridad necesarias, y anunci\u00f3 que se publicar\u00e1n libros y documentales hasta demostrar que es \u00abinocente\u00bb.<\/p>\n\n\n\n<p>El fiscal general del Estado de Honduras, Johel Zelaya, exhort\u00f3 a inicios de diciembre a los organismos de seguridad del pa\u00eds y a la Polic\u00eda Internacional (Interpol) a ejecutar una orden de captura contra Hern\u00e1ndez, quien afirm\u00f3 este viernes que enfrentar\u00e1 su situaci\u00f3n en Honduras, cuando regrese, como lo hizo durante el proceso judicial en Nueva York.<\/p>\n\n\n\n<p>Los delitos en Honduras contra Hern\u00e1ndez est\u00e1n asociados a un caso millonario que tambi\u00e9n salpic\u00f3 a exdiputados, empresarios y particulares en un desv\u00edo de recursos del Estado para financiar la campa\u00f1a pol\u00edtica en 2013.<\/p>\n\n\n\n<p>Hern\u00e1ndez hizo adem\u00e1s un llamado a la unidad nacional y expres\u00f3 su respaldo al presidente electo de Honduras, Nasry \u2018Tito\u2019 Asfura, del conservador Partido Nacional, quien ha recibido el apoyo p\u00fablico de Trump.<\/p>\n\n\n\n<p>\u201cMi consejo para el nuevo presidente es que trabaje incansablemente, como lo hizo en la capital. Si le va bien a su Gobierno, le va bien a Honduras. Es momento de darle vuelta a la p\u00e1gina y recuperar el impulso que el pa\u00eds ha perdido\u00bb, remarc\u00f3. EFE<\/p>\n","protected":false},"excerpt":{"rendered":"<p>&nbsp;El expresidente hondure\u00f1o Juan Orlando Hern\u00e1ndez (2014-2022) pidi\u00f3 este viernes que se deje de usar su nombre para \u00abdesviar la atenci\u00f3n\u00bb de los problemas del pa\u00eds y asegur\u00f3 que regresar\u00e1 a Honduras \u00abcuando se den las condiciones\u00bb, despu\u00e9s de ser indultado en noviembre por el presidente de Estados Unidos, Donald Trump, tras ser condenado a [&hellip;]<\/p>\n","protected":false},"author":2,"featured_media":3134,"comment_status":"closed","ping_status":"open","sticky":false,"template":"","format":"standard","meta":{"_seopress_robots_primary_cat":"","_seopress_titles_title":"","_seopress_titles_desc":"","_seopress_robots_index":"","footnotes":""},"categories":[23],"tags":[25],"class_list":["post-3133","post","type-post","status-publish","format-standard","has-post-thumbnail","hentry","category-nacionales","tag-honduras"],"_links":{"self":[{"href":"https:\/\/girasolmultimedios.com\/portal\/wp-json\/wp\/v2\/posts\/3133","targetHints":{"allow":["GET"]}}],"collection":[{"href":"https:\/\/girasolmultimedios.com\/portal\/wp-json\/wp\/v2\/posts"}],"about":[{"href":"https:\/\/girasolmultimedios.com\/portal\/wp-json\/wp\/v2\/types\/post"}],"author":[{"embeddable":true,"href":"https:\/\/girasolmultimedios.com\/portal\/wp-json\/wp\/v2\/users\/2"}],"replies":[{"embeddable":true,"href":"https:\/\/girasolmultimedios.com\/portal\/wp-json\/wp\/v2\/comments?post=3133"}],"version-history":[{"count":1,"href":"https:\/\/girasolmultimedios.com\/portal\/wp-json\/wp\/v2\/posts\/3133\/revisions"}],"predecessor-version":[{"id":3135,"href":"https:\/\/girasolmultimedios.com\/portal\/wp-json\/wp\/v2\/posts\/3133\/revisions\/3135"}],"wp:featuredmedia":[{"embeddable":true,"href":"https:\/\/girasolmultimedios.com\/portal\/wp-json\/wp\/v2\/media\/3134"}],"wp:attachment":[{"href":"https:\/\/girasolmultimedios.com\/portal\/wp-json\/wp\/v2\/media?parent=3133"}],"wp:term":[{"taxonomy":"category","embeddable":true,"href":"https:\/\/girasolmultimedios.com\/portal\/wp-json\/wp\/v2\/categories?post=3133"},{"taxonomy":"post_tag","embeddable":true,"href":"https:\/\/girasolmultimedios.com\/portal\/wp-json\/wp\/v2\/tags?post=3133"}],"curies":[{"name":"wp","href":"https:\/\/api.w.org\/{rel}","templated":true}]}}