{"id":3145,"date":"2026-01-05T09:45:26","date_gmt":"2026-01-05T15:45:26","guid":{"rendered":"https:\/\/girasolmultimedios.com\/portal\/?p=3145"},"modified":"2026-01-05T09:45:26","modified_gmt":"2026-01-05T15:45:26","slug":"advierten-sobre-sindrome-del-trabajador-quemado","status":"publish","type":"post","link":"https:\/\/girasolmultimedios.com\/portal\/advierten-sobre-sindrome-del-trabajador-quemado\/","title":{"rendered":"Advierten sobre s\u00edndrome del \u201ctrabajador quemado\u201d"},"content":{"rendered":"\n<p>El cient\u00edfico hondure\u00f1o, Marco Tulio Medina, advirti\u00f3 ayer sobre el riesgo y su preocupaci\u00f3n por la situaci\u00f3n que atraviesa el gremio del \u00e1rea de la salud en Honduras, especialmente quienes laboran en hospitales p\u00fablicos que padecen el s\u00edndrome del \u201ctrabajador quemado\u201d.<\/p>\n\n\n\n<p>Se\u00f1al\u00f3 el alto desgaste psicol\u00f3gico que viven m\u00e9dicos, enfermeras, t\u00e9cnicos, auxiliares de enfermer\u00eda y todo el personal del \u00e1rea de la salud que tiene una alta sobrecarga de trabajo, por la falta de inversi\u00f3n.<\/p>\n\n\n\n<p>Advirti\u00f3 que sobre una grave sobrecarga f\u00edsica y psicol\u00f3gica que afecta a m\u00e9dicos, enfermeras, odont\u00f3logos, microbi\u00f3logos y otro personal en todos los centros hospitalarios p\u00fablicos a nivel nacional.<\/p>\n\n\n\n<p>\u201cExiste en este momento un grave problema en lo que se denomina burnout o s\u00edndrome del trabajador quemado, que significa una sobrecarga f\u00edsica y psicol\u00f3gica por el exceso de pacientes\u201d, indic\u00f3.<\/p>\n\n\n\n<p>Medina considera que el personal resulta insuficiente para atender la alta demanda en los centros asistenciales. Seg\u00fan el especialista, \u201cno ajustan las manos ni las mentes para poder atender a los pacientes que en forma masiva est\u00e1n llegando a los hospitales\u201d.<\/p>\n\n\n\n<p>El cient\u00edfico atribuy\u00f3 esta crisis, en primer lugar, a la falta de inversi\u00f3n estatal, \u201cHonduras invierte apenas el 3.4 por ciento del Producto Interno Bruto en salud, cuando deber\u00edamos tener el doble de esa inversi\u00f3n\u201d, asegur\u00f3.<\/p>\n\n\n\n<p>Conden\u00f3 que \u201cla fuga de talento\u201d, y baja inversi\u00f3n agravan la crisis sanitaria en todos los niveles de atenci\u00f3n y que lo m\u00e1s lamentable es que nunca se pudo buscar una soluci\u00f3n favorable.<\/p>\n\n\n\n<p>A esa situaci\u00f3n se suma la ausencia de contratos y la escasez de medicamentos e insumos, lo que obliga al personal a trabajar, seg\u00fan sus palabras, \u201ccon los dedos y con las u\u00f1as\u201d.<\/p>\n\n\n\n<p>El galeno describi\u00f3 como ca\u00f3tica la realidad del sistema sanitario, una problem\u00e1tica que asegur\u00f3 no comenz\u00f3 en la actual administraci\u00f3n, ya que es algo que por a\u00f1os ha ido creciendo.<\/p>\n\n\n\n<p>\u201cEsta situaci\u00f3n no inicia en este gobierno, viene de los \u00faltimos 40 a\u00f1os y se ha agudizado en las dos \u00faltimas d\u00e9cadas\u201d, afirm\u00f3.<\/p>\n\n\n\n<p>Manifest\u00f3 que los avances que se lograron en el pasado se han debilitado por la falta de continuidad y conciencia institucional. Otro factor clave es la falta de absorci\u00f3n del talento humano formado por el propio Estado.<\/p>\n\n\n\n<p>Entre 2010 y 2018, seg\u00fan dijo, cuando fungi\u00f3 como decano de Medicina, se formaron unos 5 mil m\u00e9dicos y odont\u00f3logos, muchos de los cuales emigraron, por la falta de condiciones laborales.<\/p>\n\n\n\n<p>\u201cEst\u00e1n en Alemania, Espa\u00f1a, Estados Unidos, porque el Estado no los absorbi\u00f3\u201d, coment\u00f3.<\/p>\n","protected":false},"excerpt":{"rendered":"<p>El cient\u00edfico hondure\u00f1o, Marco Tulio Medina, advirti\u00f3 ayer sobre el riesgo y su preocupaci\u00f3n por la situaci\u00f3n que atraviesa el gremio del \u00e1rea de la salud en Honduras, especialmente quienes laboran en hospitales p\u00fablicos que padecen el s\u00edndrome del \u201ctrabajador quemado\u201d. Se\u00f1al\u00f3 el alto desgaste psicol\u00f3gico que viven m\u00e9dicos, enfermeras, t\u00e9cnicos, auxiliares de enfermer\u00eda y [&hellip;]<\/p>\n","protected":false},"author":2,"featured_media":3146,"comment_status":"closed","ping_status":"open","sticky":false,"template":"","format":"standard","meta":{"_seopress_robots_primary_cat":"","_seopress_titles_title":"","_seopress_titles_desc":"","_seopress_robots_index":"","footnotes":""},"categories":[23],"tags":[],"class_list":["post-3145","post","type-post","status-publish","format-standard","has-post-thumbnail","hentry","category-nacionales"],"_links":{"self":[{"href":"https:\/\/girasolmultimedios.com\/portal\/wp-json\/wp\/v2\/posts\/3145","targetHints":{"allow":["GET"]}}],"collection":[{"href":"https:\/\/girasolmultimedios.com\/portal\/wp-json\/wp\/v2\/posts"}],"about":[{"href":"https:\/\/girasolmultimedios.com\/portal\/wp-json\/wp\/v2\/types\/post"}],"author":[{"embeddable":true,"href":"https:\/\/girasolmultimedios.com\/portal\/wp-json\/wp\/v2\/users\/2"}],"replies":[{"embeddable":true,"href":"https:\/\/girasolmultimedios.com\/portal\/wp-json\/wp\/v2\/comments?post=3145"}],"version-history":[{"count":1,"href":"https:\/\/girasolmultimedios.com\/portal\/wp-json\/wp\/v2\/posts\/3145\/revisions"}],"predecessor-version":[{"id":3147,"href":"https:\/\/girasolmultimedios.com\/portal\/wp-json\/wp\/v2\/posts\/3145\/revisions\/3147"}],"wp:featuredmedia":[{"embeddable":true,"href":"https:\/\/girasolmultimedios.com\/portal\/wp-json\/wp\/v2\/media\/3146"}],"wp:attachment":[{"href":"https:\/\/girasolmultimedios.com\/portal\/wp-json\/wp\/v2\/media?parent=3145"}],"wp:term":[{"taxonomy":"category","embeddable":true,"href":"https:\/\/girasolmultimedios.com\/portal\/wp-json\/wp\/v2\/categories?post=3145"},{"taxonomy":"post_tag","embeddable":true,"href":"https:\/\/girasolmultimedios.com\/portal\/wp-json\/wp\/v2\/tags?post=3145"}],"curies":[{"name":"wp","href":"https:\/\/api.w.org\/{rel}","templated":true}]}}