{"id":3157,"date":"2026-01-05T09:52:15","date_gmt":"2026-01-05T15:52:15","guid":{"rendered":"https:\/\/girasolmultimedios.com\/portal\/?p=3157"},"modified":"2026-01-05T09:52:16","modified_gmt":"2026-01-05T15:52:16","slug":"veintena-de-muertes-por-accidentes-viales-en-menos-de-72-horas","status":"publish","type":"post","link":"https:\/\/girasolmultimedios.com\/portal\/veintena-de-muertes-por-accidentes-viales-en-menos-de-72-horas\/","title":{"rendered":"Veintena de muertes por accidentes viales en menos de 72 horas"},"content":{"rendered":"\n<p>El 2026 arranc\u00f3 con una veintena de muertes por accidentes viales en menos de 72 horas en las principales ciudades de Honduras, lamentaron ayer autoridades de la Direcci\u00f3n Nacional de Vialidad y Transporte (DNVT).<\/p>\n\n\n\n<p>En uno de los sucesos, un quincea\u00f1ero falleci\u00f3 cuando era trasladado al Instituto Hondure\u00f1o de Seguridad Social (IHSS) a causa de golpes internos que recibi\u00f3 cuando la motocicleta en que se transportaba fue impactada por un veh\u00edculo \u201cfantasma\u201d, frente al Mall Altara, sobre el bulevar que conduce al sector Armenta en San Pedro Sula, Cort\u00e9s, zona norte de Honduras.<\/p>\n\n\n\n<p>El jovencito, Josu\u00e9 Castro, se desplazaba en su motocicleta por el sector cuando un veh\u00edculo lo embisti\u00f3, provocando que fuera desplazado varios metros hasta impactar contra un r\u00f3tulo publicitario.<\/p>\n\n\n\n<p>Otra versi\u00f3n indica que la curva donde ocurri\u00f3 el accidente es peligrosa para los motociclistas, por lo que el muchacho pudo haber perdido el control de su medio de transporte.<\/p>\n\n\n\n<p>La v\u00edctima presentaba una herida abierta en el cr\u00e1neo, la cual habr\u00eda sido determinante en su muerte. Familiares del adolescente llegaron al lugar con la esperanza de que se encontrara ileso. Sin embargo, en el centro asistencial confirmaron su deceso, sumiendo a la familia en una profunda consternaci\u00f3n.<\/p>\n\n\n\n<p>En ese sector existe una c\u00e1mara de seguridad perteneciente al mall antes mencionado, cuya revisi\u00f3n podr\u00eda esclarecer la din\u00e1mica del fatal accidente. Las autoridades recopilaron videos, testimonios y cualquier evidencia que ayude a determinar las causas exactas del incidente.<\/p>\n\n\n\n<p>Este lamentable hecho resalta la gravedad de los accidentes viales, que constituyen la segunda causa de muerte violenta en Honduras.<\/p>\n\n\n\n<p>La portavoz de la DNVT, Ricci Montoya, detall\u00f3 que solo este fin de semana se reportaron 15 personas fallecidas, m\u00e1s de 77 percances viales y 20 heridos. Francisco Moraz\u00e1n y Cort\u00e9s son los departamentos que m\u00e1s accidentes viales se registran en el territorio nacional.<\/p>\n\n\n\n<p><strong><em>DATOS<\/em><\/strong><br><em>Diariamente se registran siniestros de tr\u00e1nsito, muchos de ellos con desenlaces fatales. Las tragedias por accidentes viales suscitadas en 2025 dejaron 1,894 muertes en las principales carreteras de Honduras, representa un incremento del 10 por ciento en comparaci\u00f3n con el 2024 confirmaron ayer autoridades de Direcci\u00f3n Nacional de Vialidad y Transporte.<\/em><\/p>\n","protected":false},"excerpt":{"rendered":"<p>El 2026 arranc\u00f3 con una veintena de muertes por accidentes viales en menos de 72 horas en las principales ciudades de Honduras, lamentaron ayer autoridades de la Direcci\u00f3n Nacional de Vialidad y Transporte (DNVT). En uno de los sucesos, un quincea\u00f1ero falleci\u00f3 cuando era trasladado al Instituto Hondure\u00f1o de Seguridad Social (IHSS) a causa de [&hellip;]<\/p>\n","protected":false},"author":2,"featured_media":3158,"comment_status":"closed","ping_status":"open","sticky":false,"template":"","format":"standard","meta":{"_seopress_robots_primary_cat":"","_seopress_titles_title":"","_seopress_titles_desc":"","_seopress_robots_index":"","footnotes":""},"categories":[1],"tags":[],"class_list":["post-3157","post","type-post","status-publish","format-standard","has-post-thumbnail","hentry","category-sin-categoria"],"_links":{"self":[{"href":"https:\/\/girasolmultimedios.com\/portal\/wp-json\/wp\/v2\/posts\/3157","targetHints":{"allow":["GET"]}}],"collection":[{"href":"https:\/\/girasolmultimedios.com\/portal\/wp-json\/wp\/v2\/posts"}],"about":[{"href":"https:\/\/girasolmultimedios.com\/portal\/wp-json\/wp\/v2\/types\/post"}],"author":[{"embeddable":true,"href":"https:\/\/girasolmultimedios.com\/portal\/wp-json\/wp\/v2\/users\/2"}],"replies":[{"embeddable":true,"href":"https:\/\/girasolmultimedios.com\/portal\/wp-json\/wp\/v2\/comments?post=3157"}],"version-history":[{"count":1,"href":"https:\/\/girasolmultimedios.com\/portal\/wp-json\/wp\/v2\/posts\/3157\/revisions"}],"predecessor-version":[{"id":3159,"href":"https:\/\/girasolmultimedios.com\/portal\/wp-json\/wp\/v2\/posts\/3157\/revisions\/3159"}],"wp:featuredmedia":[{"embeddable":true,"href":"https:\/\/girasolmultimedios.com\/portal\/wp-json\/wp\/v2\/media\/3158"}],"wp:attachment":[{"href":"https:\/\/girasolmultimedios.com\/portal\/wp-json\/wp\/v2\/media?parent=3157"}],"wp:term":[{"taxonomy":"category","embeddable":true,"href":"https:\/\/girasolmultimedios.com\/portal\/wp-json\/wp\/v2\/categories?post=3157"},{"taxonomy":"post_tag","embeddable":true,"href":"https:\/\/girasolmultimedios.com\/portal\/wp-json\/wp\/v2\/tags?post=3157"}],"curies":[{"name":"wp","href":"https:\/\/api.w.org\/{rel}","templated":true}]}}