{"id":3179,"date":"2026-01-06T09:53:36","date_gmt":"2026-01-06T15:53:36","guid":{"rendered":"https:\/\/girasolmultimedios.com\/portal\/?p=3179"},"modified":"2026-01-06T09:53:36","modified_gmt":"2026-01-06T15:53:36","slug":"la-ue-mantendra-contacto-con-gobierno-de-rodriguez-para-defender-intereses-y-principios","status":"publish","type":"post","link":"https:\/\/girasolmultimedios.com\/portal\/la-ue-mantendra-contacto-con-gobierno-de-rodriguez-para-defender-intereses-y-principios\/","title":{"rendered":"La UE mantendr\u00e1 contacto con Gobierno de Rodr\u00edguez para defender intereses y principios"},"content":{"rendered":"\n<p>La\u00a0Uni\u00f3n Europea (UE)\u00a0afirm\u00f3 este martes que mantendr\u00e1 los contactos con el Gobierno de Delcy Rodr\u00edguez, como ven\u00eda haciendo con unas autoridades venezolanas que no consideraba leg\u00edtimas, con el objetivo de \u201csalvaguardar sus intereses y defender sus principios\u201d.<\/p>\n\n\n\n<p>\u201cLo que haremos en este caso es lo que hemos hecho hasta ahora, aunque no hayamos reconocido la legitimidad del presidente (depuesto por Estados Unidos, Nicol\u00e1s) Maduro, y lo mismo en el caso de Delcy Rodr\u00edguez\u201d, ahora la nueva presidenta encargada de Venezuela, indic\u00f3 la portavoz comunitaria Anitta Hipper durante la rueda de prensa diaria de la Comisi\u00f3n Europea.<\/p>\n\n\n\n<p>La portavoz de la jefa de la diplomacia de la UE, Kaja Kallas, destac\u00f3 que el bloque mantendr\u00e1 \u201cun compromiso espec\u00edfico con las autoridades venezolanas para salvaguardar nuestros propios intereses y defender nuestros propios principios\u201d.<\/p>\n\n\n\n<p>Record\u00f3 que, para la UE, las autoridades de Venezuela \u201cderivan su mandato de un proceso electoral que no respet\u00f3 la voluntad del pueblo en favor del cambio democr\u00e1tico\u201d en las elecciones del 28 de julio de 2024.<\/p>\n\n\n\n<p>En ese sentido, insisti\u00f3 en que \u201cel futuro de Venezuela debe configurarse precisamente a trav\u00e9s de un di\u00e1logo inclusivo que conduzca a una transici\u00f3n democr\u00e1tica y, por lo tanto, incluya a todos los actores comprometidos con la democracia, entre ellos las figuras de los l\u00edderes de la oposici\u00f3n elegidos democr\u00e1ticamente\u201d.<\/p>\n\n\n\n<p>Preguntada por si la UE piensa revisar las medidas restrictivas que impuso contra Rodr\u00edguez, que incluyen la prohibici\u00f3n de entrar en territorio comunitario, Hipper dijo que \u201cen lo que respecta a las sanciones, todas las decisiones se toman por unanimidad entre nuestros Estados miembros, y no puedo anticiparme ni prejuzgar nada de este trabajo\u201d.<\/p>\n","protected":false},"excerpt":{"rendered":"<p>La\u00a0Uni\u00f3n Europea (UE)\u00a0afirm\u00f3 este martes que mantendr\u00e1 los contactos con el Gobierno de Delcy Rodr\u00edguez, como ven\u00eda haciendo con unas autoridades venezolanas que no consideraba leg\u00edtimas, con el objetivo de \u201csalvaguardar sus intereses y defender sus principios\u201d. \u201cLo que haremos en este caso es lo que hemos hecho hasta ahora, aunque no hayamos reconocido la [&hellip;]<\/p>\n","protected":false},"author":2,"featured_media":3180,"comment_status":"closed","ping_status":"open","sticky":false,"template":"","format":"standard","meta":{"_seopress_robots_primary_cat":"","_seopress_titles_title":"","_seopress_titles_desc":"","_seopress_robots_index":"","footnotes":""},"categories":[1],"tags":[],"class_list":["post-3179","post","type-post","status-publish","format-standard","has-post-thumbnail","hentry","category-sin-categoria"],"_links":{"self":[{"href":"https:\/\/girasolmultimedios.com\/portal\/wp-json\/wp\/v2\/posts\/3179","targetHints":{"allow":["GET"]}}],"collection":[{"href":"https:\/\/girasolmultimedios.com\/portal\/wp-json\/wp\/v2\/posts"}],"about":[{"href":"https:\/\/girasolmultimedios.com\/portal\/wp-json\/wp\/v2\/types\/post"}],"author":[{"embeddable":true,"href":"https:\/\/girasolmultimedios.com\/portal\/wp-json\/wp\/v2\/users\/2"}],"replies":[{"embeddable":true,"href":"https:\/\/girasolmultimedios.com\/portal\/wp-json\/wp\/v2\/comments?post=3179"}],"version-history":[{"count":1,"href":"https:\/\/girasolmultimedios.com\/portal\/wp-json\/wp\/v2\/posts\/3179\/revisions"}],"predecessor-version":[{"id":3181,"href":"https:\/\/girasolmultimedios.com\/portal\/wp-json\/wp\/v2\/posts\/3179\/revisions\/3181"}],"wp:featuredmedia":[{"embeddable":true,"href":"https:\/\/girasolmultimedios.com\/portal\/wp-json\/wp\/v2\/media\/3180"}],"wp:attachment":[{"href":"https:\/\/girasolmultimedios.com\/portal\/wp-json\/wp\/v2\/media?parent=3179"}],"wp:term":[{"taxonomy":"category","embeddable":true,"href":"https:\/\/girasolmultimedios.com\/portal\/wp-json\/wp\/v2\/categories?post=3179"},{"taxonomy":"post_tag","embeddable":true,"href":"https:\/\/girasolmultimedios.com\/portal\/wp-json\/wp\/v2\/tags?post=3179"}],"curies":[{"name":"wp","href":"https:\/\/api.w.org\/{rel}","templated":true}]}}