{"id":3191,"date":"2026-01-06T09:59:56","date_gmt":"2026-01-06T15:59:56","guid":{"rendered":"https:\/\/girasolmultimedios.com\/portal\/?p=3191"},"modified":"2026-01-06T09:59:57","modified_gmt":"2026-01-06T15:59:57","slug":"eder-mejia-el-pn-no-impondra-a-patadas-al-presidente-del-cn","status":"publish","type":"post","link":"https:\/\/girasolmultimedios.com\/portal\/eder-mejia-el-pn-no-impondra-a-patadas-al-presidente-del-cn\/","title":{"rendered":"Eder Mej\u00eda: El PN no impondr\u00e1 a patadas al presidente del CN"},"content":{"rendered":"\n<p>El diputado del Partido Nacional de Honduras, Eder Mej\u00eda, asegur\u00f3 que su partido no impondr\u00e1 \u201ca patadas ni de forma ilegal\u201d al pr\u00f3ximo presidente del Congreso Nacional, y afirm\u00f3 que el proceso se desarrollar\u00e1 mediante consensos internos y di\u00e1logo con las dem\u00e1s fuerzas pol\u00edticas representadas en el Legislativo.<\/p>\n\n\n\n<p>Mej\u00eda explic\u00f3 que la bancada nacionalista ya ha avanzado en acuerdos a lo interno, aunque aclar\u00f3 que a\u00fan no se han reunido con el presidente electo Nasry Asfura. Indic\u00f3 que, una vez consolidados los consensos internos, iniciar\u00e1n acercamientos con los otros partidos para reunir los votos necesarios y elegir la junta directiva del Congreso.<\/p>\n\n\n\n<p>\u201cEl pueblo hondure\u00f1o habl\u00f3 fuerte y claro el 30 de noviembre del 2025\u201d, expres\u00f3 el parlamentario, al recordar que el Partido Nacional gan\u00f3 la Presidencia de la Rep\u00fablica, obtuvo 151 de las 298 alcald\u00edas del pa\u00eds y consigui\u00f3 49 de los 128 curules del Congreso, convirti\u00e9ndose en la bancada m\u00e1s numerosa.<\/p>\n\n\n\n<p>A juicio de Mej\u00eda, estos resultados otorgan al Partido Nacional el derecho de presidir el Poder Legislativo como una forma de respetar la voluntad popular y garantizar gobernabilidad y estabilidad al pa\u00eds. No obstante, reconoci\u00f3 que con 49 votos no es posible elegir por s\u00ed solos a la junta directiva. \u201cSe requieren al menos 65 votos, como lo establece la Constituci\u00f3n y la Ley Org\u00e1nica del Congreso, por lo que debemos construir consensos mediante el di\u00e1logo\u201d, se\u00f1al\u00f3.<\/p>\n\n\n\n<p>El diputado subray\u00f3 que su partido no repetir\u00e1 pr\u00e1cticas del pasado. \u201cNosotros no vamos a hacer como Libertad y Refundaci\u00f3n, que impuso una junta directiva a la fuerza. Queremos hacer las cosas bien, porque Honduras quiere que hagamos las cosas bien\u201d, afirm\u00f3.<\/p>\n\n\n\n<p>Mej\u00eda hizo un llamado a las dem\u00e1s fuerzas pol\u00edticas a actuar con sensatez y cordura, evitando escenarios de confrontaci\u00f3n innecesaria. \u201cHonduras nos est\u00e1 pidiendo paz, tranquilidad, estabilidad y gobernabilidad. No le hagamos da\u00f1o al pa\u00eds\u201d, manifest\u00f3.<\/p>\n\n\n\n<p>Sobre los posibles aspirantes a presidir el Congreso, mencion\u00f3 que han circulado varios nombres dentro de la bancada nacionalista, entre ellos Tom\u00e1s Zambrano, Marco Midence, Antonio Rivera Callejas y Carlos Ledesma. Sin embargo, aclar\u00f3 que en los pr\u00f3ximos d\u00edas la bancada tomar\u00e1 una decisi\u00f3n definitiva sobre a qui\u00e9n respaldar\u00e1.<\/p>\n\n\n\n<p>Finalmente, Mej\u00eda reiter\u00f3 que la elecci\u00f3n de la junta directiva debe realizarse en la fecha que manda la ley, con el objetivo de instalar una directiva en propiedad y garantizar la gobernabilidad. \u201cVamos a elegir a nuestros mejores hombres y mujeres, y luego buscaremos los votos de las otras fuerzas pol\u00edticas para darle a Honduras estabilidad, paz y tranquilidad\u201d, concluy\u00f3.<\/p>\n","protected":false},"excerpt":{"rendered":"<p>El diputado del Partido Nacional de Honduras, Eder Mej\u00eda, asegur\u00f3 que su partido no impondr\u00e1 \u201ca patadas ni de forma ilegal\u201d al pr\u00f3ximo presidente del Congreso Nacional, y afirm\u00f3 que el proceso se desarrollar\u00e1 mediante consensos internos y di\u00e1logo con las dem\u00e1s fuerzas pol\u00edticas representadas en el Legislativo. Mej\u00eda explic\u00f3 que la bancada nacionalista ya [&hellip;]<\/p>\n","protected":false},"author":2,"featured_media":3192,"comment_status":"closed","ping_status":"open","sticky":false,"template":"","format":"standard","meta":{"_seopress_robots_primary_cat":"","_seopress_titles_title":"","_seopress_titles_desc":"","_seopress_robots_index":"","footnotes":""},"categories":[1],"tags":[],"class_list":["post-3191","post","type-post","status-publish","format-standard","has-post-thumbnail","hentry","category-sin-categoria"],"_links":{"self":[{"href":"https:\/\/girasolmultimedios.com\/portal\/wp-json\/wp\/v2\/posts\/3191","targetHints":{"allow":["GET"]}}],"collection":[{"href":"https:\/\/girasolmultimedios.com\/portal\/wp-json\/wp\/v2\/posts"}],"about":[{"href":"https:\/\/girasolmultimedios.com\/portal\/wp-json\/wp\/v2\/types\/post"}],"author":[{"embeddable":true,"href":"https:\/\/girasolmultimedios.com\/portal\/wp-json\/wp\/v2\/users\/2"}],"replies":[{"embeddable":true,"href":"https:\/\/girasolmultimedios.com\/portal\/wp-json\/wp\/v2\/comments?post=3191"}],"version-history":[{"count":1,"href":"https:\/\/girasolmultimedios.com\/portal\/wp-json\/wp\/v2\/posts\/3191\/revisions"}],"predecessor-version":[{"id":3193,"href":"https:\/\/girasolmultimedios.com\/portal\/wp-json\/wp\/v2\/posts\/3191\/revisions\/3193"}],"wp:featuredmedia":[{"embeddable":true,"href":"https:\/\/girasolmultimedios.com\/portal\/wp-json\/wp\/v2\/media\/3192"}],"wp:attachment":[{"href":"https:\/\/girasolmultimedios.com\/portal\/wp-json\/wp\/v2\/media?parent=3191"}],"wp:term":[{"taxonomy":"category","embeddable":true,"href":"https:\/\/girasolmultimedios.com\/portal\/wp-json\/wp\/v2\/categories?post=3191"},{"taxonomy":"post_tag","embeddable":true,"href":"https:\/\/girasolmultimedios.com\/portal\/wp-json\/wp\/v2\/tags?post=3191"}],"curies":[{"name":"wp","href":"https:\/\/api.w.org\/{rel}","templated":true}]}}