{"id":3206,"date":"2026-01-07T09:52:57","date_gmt":"2026-01-07T15:52:57","guid":{"rendered":"https:\/\/girasolmultimedios.com\/portal\/?p=3206"},"modified":"2026-01-07T09:52:57","modified_gmt":"2026-01-07T15:52:57","slug":"antonio-rivera-considera-que-habra-intensos-cabildeos-por-presidencia-del-congreso","status":"publish","type":"post","link":"https:\/\/girasolmultimedios.com\/portal\/antonio-rivera-considera-que-habra-intensos-cabildeos-por-presidencia-del-congreso\/","title":{"rendered":"Antonio Rivera considera que habr\u00e1 intensos cabildeos por presidencia del Congreso"},"content":{"rendered":"\n<p>El diputado del Partido Nacional, Antonio Rivera, asegur\u00f3 este mi\u00e9rcoles que desde hoy y hasta el 21 de enero se intensificar\u00e1n los cabildeos de los aspirantes a la presidencia del\u00a0Congreso Nacional, entre ellos los nacionalistas Tom\u00e1s Zambrano, Marco Midense y Carlos Roberto Ledezma, as\u00ed como los liberales Iroskha Elvir, Marlon Lara y Yuri Sabas.<\/p>\n\n\n\n<p>Rivera indic\u00f3 que estas reuniones continuar\u00e1n incluso el 22 de enero, fecha en la que los diputados elegir\u00e1n en propiedad a la junta directiva del Legislativo.<\/p>\n\n\n\n<p>\u201cEl proceso es normal, cada quien realiza sus reuniones, fortalece sus fuerzas y hace su lobby para alcanzar los 65 votos necesarios\u201d, expres\u00f3 el parlamentario, quien agreg\u00f3 que si el Partido Nacional adopta una postura oficial, la bancada junto al presidente electo, Nasry Asfura, tomar\u00e1 la decisi\u00f3n final.<\/p>\n\n\n\n<p>El diputado se\u00f1al\u00f3 que en el nacionalismo el presidente electo ha sido tradicionalmente el principal elector, tal como ocurri\u00f3 en administraciones anteriores, y recalc\u00f3 que existe una disciplina de di\u00e1logo permanente dentro del partido.<\/p>\n\n\n\n<p>Rivera afirm\u00f3 que en esta etapa de consensos tambi\u00e9n pesa la opini\u00f3n de alcaldes, dirigentes y diputados, aunque subray\u00f3 que finalmente prevalecer\u00e1 la decisi\u00f3n que adopten los 128 diputados o al menos los 65 votos requeridos para elegir la junta directiva, de cara a la instalaci\u00f3n de la primera legislatura del nuevo Congreso Nacional el pr\u00f3ximo 25 de enero.<\/p>\n","protected":false},"excerpt":{"rendered":"<p>El diputado del Partido Nacional, Antonio Rivera, asegur\u00f3 este mi\u00e9rcoles que desde hoy y hasta el 21 de enero se intensificar\u00e1n los cabildeos de los aspirantes a la presidencia del\u00a0Congreso Nacional, entre ellos los nacionalistas Tom\u00e1s Zambrano, Marco Midense y Carlos Roberto Ledezma, as\u00ed como los liberales Iroskha Elvir, Marlon Lara y Yuri Sabas. Rivera [&hellip;]<\/p>\n","protected":false},"author":2,"featured_media":3207,"comment_status":"closed","ping_status":"open","sticky":false,"template":"","format":"standard","meta":{"_seopress_robots_primary_cat":"","_seopress_titles_title":"","_seopress_titles_desc":"","_seopress_robots_index":"","footnotes":""},"categories":[1],"tags":[],"class_list":["post-3206","post","type-post","status-publish","format-standard","has-post-thumbnail","hentry","category-sin-categoria"],"_links":{"self":[{"href":"https:\/\/girasolmultimedios.com\/portal\/wp-json\/wp\/v2\/posts\/3206","targetHints":{"allow":["GET"]}}],"collection":[{"href":"https:\/\/girasolmultimedios.com\/portal\/wp-json\/wp\/v2\/posts"}],"about":[{"href":"https:\/\/girasolmultimedios.com\/portal\/wp-json\/wp\/v2\/types\/post"}],"author":[{"embeddable":true,"href":"https:\/\/girasolmultimedios.com\/portal\/wp-json\/wp\/v2\/users\/2"}],"replies":[{"embeddable":true,"href":"https:\/\/girasolmultimedios.com\/portal\/wp-json\/wp\/v2\/comments?post=3206"}],"version-history":[{"count":1,"href":"https:\/\/girasolmultimedios.com\/portal\/wp-json\/wp\/v2\/posts\/3206\/revisions"}],"predecessor-version":[{"id":3208,"href":"https:\/\/girasolmultimedios.com\/portal\/wp-json\/wp\/v2\/posts\/3206\/revisions\/3208"}],"wp:featuredmedia":[{"embeddable":true,"href":"https:\/\/girasolmultimedios.com\/portal\/wp-json\/wp\/v2\/media\/3207"}],"wp:attachment":[{"href":"https:\/\/girasolmultimedios.com\/portal\/wp-json\/wp\/v2\/media?parent=3206"}],"wp:term":[{"taxonomy":"category","embeddable":true,"href":"https:\/\/girasolmultimedios.com\/portal\/wp-json\/wp\/v2\/categories?post=3206"},{"taxonomy":"post_tag","embeddable":true,"href":"https:\/\/girasolmultimedios.com\/portal\/wp-json\/wp\/v2\/tags?post=3206"}],"curies":[{"name":"wp","href":"https:\/\/api.w.org\/{rel}","templated":true}]}}