{"id":3221,"date":"2026-01-07T10:04:11","date_gmt":"2026-01-07T16:04:11","guid":{"rendered":"https:\/\/girasolmultimedios.com\/portal\/?p=3221"},"modified":"2026-01-07T10:04:11","modified_gmt":"2026-01-07T16:04:11","slug":"persisten-reclamos-por-falta-de-citas-y-medicamentos-en-el-hospital-escuela","status":"publish","type":"post","link":"https:\/\/girasolmultimedios.com\/portal\/persisten-reclamos-por-falta-de-citas-y-medicamentos-en-el-hospital-escuela\/","title":{"rendered":"Persisten reclamos por falta de citas y medicamentos en el Hospital Escuela"},"content":{"rendered":"\n<p>Los reclamos por la falta de citas m\u00e9dicas para especialidades contin\u00faan marcando el inicio del 2026 en el Hospital Escuela, el principal centro asistencial del pa\u00eds, donde pacientes denuncian demoras prolongadas en la atenci\u00f3n y escasez de medicamentos.<\/p>\n\n\n\n<p>Damaris, una joven capitalina en tratamiento ginecol\u00f3gico por miomas y quistes, relat\u00f3 que lleva cuatro a\u00f1os bajo control m\u00e9dico sin lograr continuidad en sus citas. \u201cLa \u00faltima cita que me dieron fue el 4 de septiembre del 2025 y hasta el sol de hoy no he podido agarrar otra\u201d, afirm\u00f3.<\/p>\n\n\n\n<p>Seg\u00fan su testimonio, uno de los m\u00e9dicos residentes la habr\u00eda retirado del sistema, oblig\u00e1ndola a reiniciar el proceso desde cero con una nueva referencia. Adem\u00e1s, denunci\u00f3 carencias en el abastecimiento de f\u00e1rmacos. \u201cEs necesario que haya m\u00e1s personal para que nos puedan atender; en ginecolog\u00eda pr\u00e1cticamente solo est\u00e1n viendo embarazadas\u201d, reclam\u00f3.<\/p>\n\n\n\n<p>Las quejas no se limitan a una sola especialidad. Otro usuario del centro hospitalario pidi\u00f3 mayor atenci\u00f3n del Gobierno al sistema de salud p\u00fablica y denunci\u00f3 la falta de medicamentos para pacientes con enfermedades cr\u00f3nicas. \u201cMi familiar es diab\u00e9tica y los medicamentos son caros. Muchas veces los medicamentos baratos est\u00e1n ac\u00e1, pero los caros uno tiene que comprarlos\u201d, expres\u00f3.<\/p>\n","protected":false},"excerpt":{"rendered":"<p>Los reclamos por la falta de citas m\u00e9dicas para especialidades contin\u00faan marcando el inicio del 2026 en el Hospital Escuela, el principal centro asistencial del pa\u00eds, donde pacientes denuncian demoras prolongadas en la atenci\u00f3n y escasez de medicamentos. Damaris, una joven capitalina en tratamiento ginecol\u00f3gico por miomas y quistes, relat\u00f3 que lleva cuatro a\u00f1os bajo [&hellip;]<\/p>\n","protected":false},"author":2,"featured_media":3222,"comment_status":"closed","ping_status":"open","sticky":false,"template":"","format":"standard","meta":{"_seopress_robots_primary_cat":"","_seopress_titles_title":"","_seopress_titles_desc":"","_seopress_robots_index":"","footnotes":""},"categories":[1],"tags":[],"class_list":["post-3221","post","type-post","status-publish","format-standard","has-post-thumbnail","hentry","category-sin-categoria"],"_links":{"self":[{"href":"https:\/\/girasolmultimedios.com\/portal\/wp-json\/wp\/v2\/posts\/3221","targetHints":{"allow":["GET"]}}],"collection":[{"href":"https:\/\/girasolmultimedios.com\/portal\/wp-json\/wp\/v2\/posts"}],"about":[{"href":"https:\/\/girasolmultimedios.com\/portal\/wp-json\/wp\/v2\/types\/post"}],"author":[{"embeddable":true,"href":"https:\/\/girasolmultimedios.com\/portal\/wp-json\/wp\/v2\/users\/2"}],"replies":[{"embeddable":true,"href":"https:\/\/girasolmultimedios.com\/portal\/wp-json\/wp\/v2\/comments?post=3221"}],"version-history":[{"count":1,"href":"https:\/\/girasolmultimedios.com\/portal\/wp-json\/wp\/v2\/posts\/3221\/revisions"}],"predecessor-version":[{"id":3223,"href":"https:\/\/girasolmultimedios.com\/portal\/wp-json\/wp\/v2\/posts\/3221\/revisions\/3223"}],"wp:featuredmedia":[{"embeddable":true,"href":"https:\/\/girasolmultimedios.com\/portal\/wp-json\/wp\/v2\/media\/3222"}],"wp:attachment":[{"href":"https:\/\/girasolmultimedios.com\/portal\/wp-json\/wp\/v2\/media?parent=3221"}],"wp:term":[{"taxonomy":"category","embeddable":true,"href":"https:\/\/girasolmultimedios.com\/portal\/wp-json\/wp\/v2\/categories?post=3221"},{"taxonomy":"post_tag","embeddable":true,"href":"https:\/\/girasolmultimedios.com\/portal\/wp-json\/wp\/v2\/tags?post=3221"}],"curies":[{"name":"wp","href":"https:\/\/api.w.org\/{rel}","templated":true}]}}