{"id":3224,"date":"2026-01-07T10:06:13","date_gmt":"2026-01-07T16:06:13","guid":{"rendered":"https:\/\/girasolmultimedios.com\/portal\/?p=3224"},"modified":"2026-01-07T10:06:13","modified_gmt":"2026-01-07T16:06:13","slug":"la-esperanza-se-prepara-para-vi-festival-del-frio","status":"publish","type":"post","link":"https:\/\/girasolmultimedios.com\/portal\/la-esperanza-se-prepara-para-vi-festival-del-frio\/","title":{"rendered":"La Esperanza se prepara para VI Festival del Fr\u00edo"},"content":{"rendered":"\n<p>La neblina cubre de blanco los paisajes de la Sierra de Opalaca, el fr\u00edo poco a poco se apodera del ambiente, en donde la poblaci\u00f3n aprovecha para realizar una fr\u00eda festividad \u00fanica en Honduras.<\/p>\n\n\n\n<p>Con actividades culturales, concursos, conciertos, paseos de aviturismo, desfiles de carrozas, tardeadas de caf\u00e9 y rom\u00e1nticas noches de fogatas.<\/p>\n\n\n\n<p>La coordinadora de la comisi\u00f3n de turismo municipal y miembro de C\u00e1mara Nacional de Turismo (Canaturh), Oneida Yamileth Ramos, dijo que la actividad es el sexto Festival del Fr\u00edo.<\/p>\n\n\n\n<p>\u201cEste es el sexto festival del fr\u00edo e invitamos a los hondure\u00f1os a que nos visiten en la ciudad de La Esperanza para disfrutar del viernes 9 al domingo 11 de enero\u201d, expres\u00f3.<\/p>\n\n\n\n<p>\u201cTendremos el inigualable kayak nocturno en la laguna \u201cMadre Vieja\u201d, la expoventa de artesan\u00edas, comidas t\u00edpicas, museograf\u00eda, el Guancasco, m\u00fasica de marimba, la orquesta musical La Esperanza, el ballet folcl\u00f3rico Oro Lenca, entre otras diversiones y aventuras que ser\u00e1n del agrado de los turistas\u201d, a\u00f1adi\u00f3.<\/p>\n\n\n\n<p>La madrugada del 22 de febrero del 2024, La Esperanza, registr\u00f3 una de las m\u00e1s bajas temperatura de 3\u00b0 grados cent\u00edgrados.<\/p>\n\n\n\n<p>Ese d\u00eda cay\u00f3 una tormenta de granizos que cubri\u00f3 de blanco el suelo y los cultivos de papa en el municipio de Yamaranguila; en este a\u00f1o 2026, el 6 de enero marc\u00f3 una temperatura de 5 grados cent\u00edgrados.<\/p>\n\n\n\n<p>Los organizadores de la celebraci\u00f3n retaron a los hondure\u00f1os a ser parte del Festival del Fr\u00edo y que puedan competir comiendo helados y ser el ganador en la historia fr\u00eda de Honduras.&nbsp;<a href=\"https:\/\/cdn.latribuna.hn\/wp-content\/uploads\/2026\/01\/Festival-del-frio-3.jpg\"><\/a><\/p>\n","protected":false},"excerpt":{"rendered":"<p>La neblina cubre de blanco los paisajes de la Sierra de Opalaca, el fr\u00edo poco a poco se apodera del ambiente, en donde la poblaci\u00f3n aprovecha para realizar una fr\u00eda festividad \u00fanica en Honduras. Con actividades culturales, concursos, conciertos, paseos de aviturismo, desfiles de carrozas, tardeadas de caf\u00e9 y rom\u00e1nticas noches de fogatas. La coordinadora [&hellip;]<\/p>\n","protected":false},"author":2,"featured_media":3225,"comment_status":"closed","ping_status":"open","sticky":false,"template":"","format":"standard","meta":{"_seopress_robots_primary_cat":"","_seopress_titles_title":"","_seopress_titles_desc":"","_seopress_robots_index":"","footnotes":""},"categories":[1],"tags":[],"class_list":["post-3224","post","type-post","status-publish","format-standard","has-post-thumbnail","hentry","category-sin-categoria"],"_links":{"self":[{"href":"https:\/\/girasolmultimedios.com\/portal\/wp-json\/wp\/v2\/posts\/3224","targetHints":{"allow":["GET"]}}],"collection":[{"href":"https:\/\/girasolmultimedios.com\/portal\/wp-json\/wp\/v2\/posts"}],"about":[{"href":"https:\/\/girasolmultimedios.com\/portal\/wp-json\/wp\/v2\/types\/post"}],"author":[{"embeddable":true,"href":"https:\/\/girasolmultimedios.com\/portal\/wp-json\/wp\/v2\/users\/2"}],"replies":[{"embeddable":true,"href":"https:\/\/girasolmultimedios.com\/portal\/wp-json\/wp\/v2\/comments?post=3224"}],"version-history":[{"count":1,"href":"https:\/\/girasolmultimedios.com\/portal\/wp-json\/wp\/v2\/posts\/3224\/revisions"}],"predecessor-version":[{"id":3226,"href":"https:\/\/girasolmultimedios.com\/portal\/wp-json\/wp\/v2\/posts\/3224\/revisions\/3226"}],"wp:featuredmedia":[{"embeddable":true,"href":"https:\/\/girasolmultimedios.com\/portal\/wp-json\/wp\/v2\/media\/3225"}],"wp:attachment":[{"href":"https:\/\/girasolmultimedios.com\/portal\/wp-json\/wp\/v2\/media?parent=3224"}],"wp:term":[{"taxonomy":"category","embeddable":true,"href":"https:\/\/girasolmultimedios.com\/portal\/wp-json\/wp\/v2\/categories?post=3224"},{"taxonomy":"post_tag","embeddable":true,"href":"https:\/\/girasolmultimedios.com\/portal\/wp-json\/wp\/v2\/tags?post=3224"}],"curies":[{"name":"wp","href":"https:\/\/api.w.org\/{rel}","templated":true}]}}