{"id":3227,"date":"2026-01-07T10:07:44","date_gmt":"2026-01-07T16:07:44","guid":{"rendered":"https:\/\/girasolmultimedios.com\/portal\/?p=3227"},"modified":"2026-01-07T10:07:45","modified_gmt":"2026-01-07T16:07:45","slug":"pastores-evangelicos-llevan-mensaje-de-fe-a-policias-en-comayagua","status":"publish","type":"post","link":"https:\/\/girasolmultimedios.com\/portal\/pastores-evangelicos-llevan-mensaje-de-fe-a-policias-en-comayagua\/","title":{"rendered":"Pastores evang\u00e9licos llevan mensaje de fe a polic\u00edas en Comayagua"},"content":{"rendered":"\n<p>Pastores evang\u00e9licos compartieron un mensaje de fe, oraci\u00f3n y reflexi\u00f3n con agentes de la Polic\u00eda Nacional de Honduras asignados a la Unidad Departamental de Prevenci\u00f3n 03 (UDEP-03), durante una jornada espiritual realizada en el municipio de Comayagua.<\/p>\n\n\n\n<p>La actividad reuni\u00f3 a funcionarios policiales de distintas unidades y direcciones de la regi\u00f3n central del pa\u00eds, quienes encomendaron sus labores a Dios mediante un espacio de oraci\u00f3n y acompa\u00f1amiento espiritual.<\/p>\n\n\n\n<p>El mensaje fue dirigido por los pastores Wilfredo Meza y Genaro Cabrera, quienes compartieron palabras de motivaci\u00f3n basadas en las Sagradas Escrituras, orientadas a fortalecer la vocaci\u00f3n de servicio de los agentes.<\/p>\n\n\n\n<p>Durante la jornada se destac\u00f3 la importancia de ejercer la funci\u00f3n policial con temor a Dios, actuando con justicia, integridad y respeto a los derechos humanos. \u201cLa base de la sabidur\u00eda es el temor a Dios\u201d, enfatizaron los expositores, al exhortar a los uniformados a mantener principios cristianos en el desempe\u00f1o de sus responsabilidades.<\/p>\n\n\n\n<p>Autoridades policiales se\u00f1alaron que este tipo de encuentros contribuyen al fortalecimiento espiritual y emocional del personal, reafirmando el compromiso institucional de desempe\u00f1ar su labor con valores, \u00e9tica y fe, confiando en nuestro Se\u00f1or Jesucristo como gu\u00eda en las tareas diarias al servicio de la ciudadan\u00eda.<a href=\"https:\/\/cdn.latribuna.hn\/wp-content\/uploads\/2026\/01\/pastores-evangelicos-llevan-mensaje-de-fe-a-policias-en-comayagua.jpg\"><\/a><\/p>\n","protected":false},"excerpt":{"rendered":"<p>Pastores evang\u00e9licos compartieron un mensaje de fe, oraci\u00f3n y reflexi\u00f3n con agentes de la Polic\u00eda Nacional de Honduras asignados a la Unidad Departamental de Prevenci\u00f3n 03 (UDEP-03), durante una jornada espiritual realizada en el municipio de Comayagua. La actividad reuni\u00f3 a funcionarios policiales de distintas unidades y direcciones de la regi\u00f3n central del pa\u00eds, quienes [&hellip;]<\/p>\n","protected":false},"author":2,"featured_media":3228,"comment_status":"closed","ping_status":"open","sticky":false,"template":"","format":"standard","meta":{"_seopress_robots_primary_cat":"","_seopress_titles_title":"","_seopress_titles_desc":"","_seopress_robots_index":"","footnotes":""},"categories":[1],"tags":[],"class_list":["post-3227","post","type-post","status-publish","format-standard","has-post-thumbnail","hentry","category-sin-categoria"],"_links":{"self":[{"href":"https:\/\/girasolmultimedios.com\/portal\/wp-json\/wp\/v2\/posts\/3227","targetHints":{"allow":["GET"]}}],"collection":[{"href":"https:\/\/girasolmultimedios.com\/portal\/wp-json\/wp\/v2\/posts"}],"about":[{"href":"https:\/\/girasolmultimedios.com\/portal\/wp-json\/wp\/v2\/types\/post"}],"author":[{"embeddable":true,"href":"https:\/\/girasolmultimedios.com\/portal\/wp-json\/wp\/v2\/users\/2"}],"replies":[{"embeddable":true,"href":"https:\/\/girasolmultimedios.com\/portal\/wp-json\/wp\/v2\/comments?post=3227"}],"version-history":[{"count":1,"href":"https:\/\/girasolmultimedios.com\/portal\/wp-json\/wp\/v2\/posts\/3227\/revisions"}],"predecessor-version":[{"id":3229,"href":"https:\/\/girasolmultimedios.com\/portal\/wp-json\/wp\/v2\/posts\/3227\/revisions\/3229"}],"wp:featuredmedia":[{"embeddable":true,"href":"https:\/\/girasolmultimedios.com\/portal\/wp-json\/wp\/v2\/media\/3228"}],"wp:attachment":[{"href":"https:\/\/girasolmultimedios.com\/portal\/wp-json\/wp\/v2\/media?parent=3227"}],"wp:term":[{"taxonomy":"category","embeddable":true,"href":"https:\/\/girasolmultimedios.com\/portal\/wp-json\/wp\/v2\/categories?post=3227"},{"taxonomy":"post_tag","embeddable":true,"href":"https:\/\/girasolmultimedios.com\/portal\/wp-json\/wp\/v2\/tags?post=3227"}],"curies":[{"name":"wp","href":"https:\/\/api.w.org\/{rel}","templated":true}]}}