{"id":3233,"date":"2026-01-08T09:22:31","date_gmt":"2026-01-08T15:22:31","guid":{"rendered":"https:\/\/girasolmultimedios.com\/portal\/?p=3233"},"modified":"2026-01-08T09:22:31","modified_gmt":"2026-01-08T15:22:31","slug":"diputado-umana-cuestiona-convocatoria-de-comision-permanente","status":"publish","type":"post","link":"https:\/\/girasolmultimedios.com\/portal\/diputado-umana-cuestiona-convocatoria-de-comision-permanente\/","title":{"rendered":"Diputado Uma\u00f1a cuestiona convocatoria de Comisi\u00f3n Permanente"},"content":{"rendered":"\n<p>El jefe de la bancada del Partido Salvador de Honduras (PSH), Carlos Uma\u00f1a, valor\u00f3 la convocatoria a una sesi\u00f3n de la Comisi\u00f3n Permanente del\u00a0Congreso Nacional\u00a0y expres\u00f3 sus reservas sobre el proceso.<\/p>\n\n\n\n<p>A trav\u00e9s de su cuenta en la red social X, Uma\u00f1a reaccion\u00f3 al llamado a sesi\u00f3n extraordinaria realizado por el presidente del Congreso Nacional, Luis Redondo, programada para este jueves a las 3:00 de la tarde, en la que se conocer\u00e1 si se validan los resultados de las elecciones generales o se procede a un recuento especial.<\/p>\n\n\n\n<p>El diputado confirm\u00f3 que asistir\u00e1 al hemiciclo legislativo con el objetivo de resguardar su curul y evitar la designaci\u00f3n de diputados suplentes.<\/p>\n\n\n\n<p><\/p>\n","protected":false},"excerpt":{"rendered":"<p>El jefe de la bancada del Partido Salvador de Honduras (PSH), Carlos Uma\u00f1a, valor\u00f3 la convocatoria a una sesi\u00f3n de la Comisi\u00f3n Permanente del\u00a0Congreso Nacional\u00a0y expres\u00f3 sus reservas sobre el proceso. A trav\u00e9s de su cuenta en la red social X, Uma\u00f1a reaccion\u00f3 al llamado a sesi\u00f3n extraordinaria realizado por el presidente del Congreso Nacional, [&hellip;]<\/p>\n","protected":false},"author":2,"featured_media":3234,"comment_status":"closed","ping_status":"open","sticky":false,"template":"","format":"standard","meta":{"_seopress_robots_primary_cat":"","_seopress_titles_title":"","_seopress_titles_desc":"","_seopress_robots_index":"","footnotes":""},"categories":[1],"tags":[],"class_list":["post-3233","post","type-post","status-publish","format-standard","has-post-thumbnail","hentry","category-sin-categoria"],"_links":{"self":[{"href":"https:\/\/girasolmultimedios.com\/portal\/wp-json\/wp\/v2\/posts\/3233","targetHints":{"allow":["GET"]}}],"collection":[{"href":"https:\/\/girasolmultimedios.com\/portal\/wp-json\/wp\/v2\/posts"}],"about":[{"href":"https:\/\/girasolmultimedios.com\/portal\/wp-json\/wp\/v2\/types\/post"}],"author":[{"embeddable":true,"href":"https:\/\/girasolmultimedios.com\/portal\/wp-json\/wp\/v2\/users\/2"}],"replies":[{"embeddable":true,"href":"https:\/\/girasolmultimedios.com\/portal\/wp-json\/wp\/v2\/comments?post=3233"}],"version-history":[{"count":1,"href":"https:\/\/girasolmultimedios.com\/portal\/wp-json\/wp\/v2\/posts\/3233\/revisions"}],"predecessor-version":[{"id":3235,"href":"https:\/\/girasolmultimedios.com\/portal\/wp-json\/wp\/v2\/posts\/3233\/revisions\/3235"}],"wp:featuredmedia":[{"embeddable":true,"href":"https:\/\/girasolmultimedios.com\/portal\/wp-json\/wp\/v2\/media\/3234"}],"wp:attachment":[{"href":"https:\/\/girasolmultimedios.com\/portal\/wp-json\/wp\/v2\/media?parent=3233"}],"wp:term":[{"taxonomy":"category","embeddable":true,"href":"https:\/\/girasolmultimedios.com\/portal\/wp-json\/wp\/v2\/categories?post=3233"},{"taxonomy":"post_tag","embeddable":true,"href":"https:\/\/girasolmultimedios.com\/portal\/wp-json\/wp\/v2\/tags?post=3233"}],"curies":[{"name":"wp","href":"https:\/\/api.w.org\/{rel}","templated":true}]}}