{"id":3239,"date":"2026-01-08T09:25:52","date_gmt":"2026-01-08T15:25:52","guid":{"rendered":"https:\/\/girasolmultimedios.com\/portal\/?p=3239"},"modified":"2026-01-08T09:25:52","modified_gmt":"2026-01-08T15:25:52","slug":"vigente-normativa-sobre-uso-de-chalecos-reflectivos-para-motociclistas-en-honduras","status":"publish","type":"post","link":"https:\/\/girasolmultimedios.com\/portal\/vigente-normativa-sobre-uso-de-chalecos-reflectivos-para-motociclistas-en-honduras\/","title":{"rendered":"Vigente normativa sobre uso de chalecos reflectivos para motociclistas en Honduras"},"content":{"rendered":"\n<p>En vigencia se encuentra desde ayer en Honduras, la normativa que obliga a todos los motociclistas y sus acompa\u00f1antes a utilizar chalecos reflectivos o bandas reflectoras, mientras se desplazan por ejes carreteros del pa\u00eds, confirmaron autoridades de la Direcci\u00f3n Nacional de Vialidad y Transporte (DNVT).<\/p>\n\n\n\n<p>La multa por incumplimiento asciende hasta 400 lempiras, tipificada como falta leve, y se aplicar\u00e1 conforme avancen los controles viales en distintas zonas del territorio nacional.<\/p>\n\n\n\n<p>La medida es parte de las disposiciones establecidas y tiene como objetivo principal mejorar la visibilidad de los motociclistas, especialmente durante la noche o en condiciones de baja iluminaci\u00f3n, indic\u00f3 el director de Tr\u00e1nsito, comisionado policial, Adonay Hern\u00e1ndez.<\/p>\n\n\n\n<p>Adem\u00e1s, se busca reducir los \u00edndices de accidentes de tr\u00e1nsito que involucran a este sector de conductores.<\/p>\n\n\n\n<p>Las estad\u00edsticas de la DNVT revelan que los motociclistas participan en el 72 por ciento de los accidentes viales en Honduras y que el 42 por ciento de esos hechos termina en fatalidades. Ante este escenario, la Polic\u00eda mantiene controles constantes tanto a conductores como a peatones.<\/p>\n\n\n\n<p>Autoridades de tr\u00e1nsito hab\u00edan adelantado que la Polic\u00eda Nacional aplicar\u00e1 el decreto 2015, que ordena el uso permanente del chaleco reflectivo durante la conducci\u00f3n.<\/p>\n\n\n\n<p>El incumplimiento de esta disposici\u00f3n conllevar\u00e1 sanciones econ\u00f3micas conforme a lo establecido en la Ley de Tr\u00e1nsito, por lo que se han intensificado los operativos de supervisi\u00f3n a nivel nacional para verificar su cumplimiento.<\/p>\n\n\n\n<p>Adem\u00e1s de la obligatoriedad del chaleco reflectivo, la normativa refuerza otras disposiciones de seguridad vial relacionadas con el uso responsable de la motocicleta, en el marco de los esfuerzos por promover una conducci\u00f3n m\u00e1s segura y ordenada en Honduras.<\/p>\n","protected":false},"excerpt":{"rendered":"<p>En vigencia se encuentra desde ayer en Honduras, la normativa que obliga a todos los motociclistas y sus acompa\u00f1antes a utilizar chalecos reflectivos o bandas reflectoras, mientras se desplazan por ejes carreteros del pa\u00eds, confirmaron autoridades de la Direcci\u00f3n Nacional de Vialidad y Transporte (DNVT). La multa por incumplimiento asciende hasta 400 lempiras, tipificada como [&hellip;]<\/p>\n","protected":false},"author":2,"featured_media":3240,"comment_status":"closed","ping_status":"open","sticky":false,"template":"","format":"standard","meta":{"_seopress_robots_primary_cat":"","_seopress_titles_title":"","_seopress_titles_desc":"","_seopress_robots_index":"","footnotes":""},"categories":[1],"tags":[],"class_list":["post-3239","post","type-post","status-publish","format-standard","has-post-thumbnail","hentry","category-sin-categoria"],"_links":{"self":[{"href":"https:\/\/girasolmultimedios.com\/portal\/wp-json\/wp\/v2\/posts\/3239","targetHints":{"allow":["GET"]}}],"collection":[{"href":"https:\/\/girasolmultimedios.com\/portal\/wp-json\/wp\/v2\/posts"}],"about":[{"href":"https:\/\/girasolmultimedios.com\/portal\/wp-json\/wp\/v2\/types\/post"}],"author":[{"embeddable":true,"href":"https:\/\/girasolmultimedios.com\/portal\/wp-json\/wp\/v2\/users\/2"}],"replies":[{"embeddable":true,"href":"https:\/\/girasolmultimedios.com\/portal\/wp-json\/wp\/v2\/comments?post=3239"}],"version-history":[{"count":1,"href":"https:\/\/girasolmultimedios.com\/portal\/wp-json\/wp\/v2\/posts\/3239\/revisions"}],"predecessor-version":[{"id":3241,"href":"https:\/\/girasolmultimedios.com\/portal\/wp-json\/wp\/v2\/posts\/3239\/revisions\/3241"}],"wp:featuredmedia":[{"embeddable":true,"href":"https:\/\/girasolmultimedios.com\/portal\/wp-json\/wp\/v2\/media\/3240"}],"wp:attachment":[{"href":"https:\/\/girasolmultimedios.com\/portal\/wp-json\/wp\/v2\/media?parent=3239"}],"wp:term":[{"taxonomy":"category","embeddable":true,"href":"https:\/\/girasolmultimedios.com\/portal\/wp-json\/wp\/v2\/categories?post=3239"},{"taxonomy":"post_tag","embeddable":true,"href":"https:\/\/girasolmultimedios.com\/portal\/wp-json\/wp\/v2\/tags?post=3239"}],"curies":[{"name":"wp","href":"https:\/\/api.w.org\/{rel}","templated":true}]}}