{"id":3242,"date":"2026-01-08T09:27:42","date_gmt":"2026-01-08T15:27:42","guid":{"rendered":"https:\/\/girasolmultimedios.com\/portal\/?p=3242"},"modified":"2026-01-08T09:27:42","modified_gmt":"2026-01-08T15:27:42","slug":"honduras-compite-en-premios-excelencias-turisticas-2025","status":"publish","type":"post","link":"https:\/\/girasolmultimedios.com\/portal\/honduras-compite-en-premios-excelencias-turisticas-2025\/","title":{"rendered":"Honduras compite en Premios Excelencias Tur\u00edsticas 2025"},"content":{"rendered":"\n<p>Honduras volvi\u00f3 a posicionarse en el escenario internacional al recibir una nominaci\u00f3n a los Premios Excelencias Tur\u00edsticas 2025, un reconocimiento que distingue a destinos, instituciones y proyectos que impulsan el desarrollo y la promoci\u00f3n del turismo a nivel global.<\/p>\n\n\n\n<p>La nominaci\u00f3n surge en el marco de la participaci\u00f3n de Centroam\u00e9rica, regi\u00f3n que destaca entre los postulados gracias al trabajo coordinado de la\u00a0Agencia de Promoci\u00f3n Tur\u00edstica de Centroam\u00e9rica (CATA)\u00a0junto a pa\u00edses miembros como Honduras, Guatemala y Rep\u00fablica Dominicana.<\/p>\n\n\n\n<p>Los Premios Excelencias Tur\u00edsticas, otorgados por el Grupo Excelencias, reconocen iniciativas que fortalecen el turismo mediante la innovaci\u00f3n, la sostenibilidad, la calidad y el impacto positivo en las comunidades.<\/p>\n\n\n\n<p>La presencia de Honduras en esta edici\u00f3n refleja los avances del pa\u00eds en la promoci\u00f3n de sus destinos, su riqueza natural y cultural, as\u00ed como el esfuerzo conjunto por posicionar a Centroam\u00e9rica como una regi\u00f3n tur\u00edstica competitiva.<\/p>\n\n\n\n<p>Adem\u00e1s, Honduras participa en la categor\u00eda Public Voting \u2013 Excellence Awards 2025, en la que el respaldo del p\u00fablico resulta clave para obtener el galard\u00f3n y visibilizar el trabajo tur\u00edstico de la regi\u00f3n a nivel internacional.<\/p>\n","protected":false},"excerpt":{"rendered":"<p>Honduras volvi\u00f3 a posicionarse en el escenario internacional al recibir una nominaci\u00f3n a los Premios Excelencias Tur\u00edsticas 2025, un reconocimiento que distingue a destinos, instituciones y proyectos que impulsan el desarrollo y la promoci\u00f3n del turismo a nivel global. La nominaci\u00f3n surge en el marco de la participaci\u00f3n de Centroam\u00e9rica, regi\u00f3n que destaca entre los [&hellip;]<\/p>\n","protected":false},"author":2,"featured_media":3243,"comment_status":"closed","ping_status":"open","sticky":false,"template":"","format":"standard","meta":{"_seopress_robots_primary_cat":"","_seopress_titles_title":"","_seopress_titles_desc":"","_seopress_robots_index":"","footnotes":""},"categories":[1],"tags":[],"class_list":["post-3242","post","type-post","status-publish","format-standard","has-post-thumbnail","hentry","category-sin-categoria"],"_links":{"self":[{"href":"https:\/\/girasolmultimedios.com\/portal\/wp-json\/wp\/v2\/posts\/3242","targetHints":{"allow":["GET"]}}],"collection":[{"href":"https:\/\/girasolmultimedios.com\/portal\/wp-json\/wp\/v2\/posts"}],"about":[{"href":"https:\/\/girasolmultimedios.com\/portal\/wp-json\/wp\/v2\/types\/post"}],"author":[{"embeddable":true,"href":"https:\/\/girasolmultimedios.com\/portal\/wp-json\/wp\/v2\/users\/2"}],"replies":[{"embeddable":true,"href":"https:\/\/girasolmultimedios.com\/portal\/wp-json\/wp\/v2\/comments?post=3242"}],"version-history":[{"count":1,"href":"https:\/\/girasolmultimedios.com\/portal\/wp-json\/wp\/v2\/posts\/3242\/revisions"}],"predecessor-version":[{"id":3244,"href":"https:\/\/girasolmultimedios.com\/portal\/wp-json\/wp\/v2\/posts\/3242\/revisions\/3244"}],"wp:featuredmedia":[{"embeddable":true,"href":"https:\/\/girasolmultimedios.com\/portal\/wp-json\/wp\/v2\/media\/3243"}],"wp:attachment":[{"href":"https:\/\/girasolmultimedios.com\/portal\/wp-json\/wp\/v2\/media?parent=3242"}],"wp:term":[{"taxonomy":"category","embeddable":true,"href":"https:\/\/girasolmultimedios.com\/portal\/wp-json\/wp\/v2\/categories?post=3242"},{"taxonomy":"post_tag","embeddable":true,"href":"https:\/\/girasolmultimedios.com\/portal\/wp-json\/wp\/v2\/tags?post=3242"}],"curies":[{"name":"wp","href":"https:\/\/api.w.org\/{rel}","templated":true}]}}