{"id":3255,"date":"2026-01-08T09:36:36","date_gmt":"2026-01-08T15:36:36","guid":{"rendered":"https:\/\/girasolmultimedios.com\/portal\/?p=3255"},"modified":"2026-01-08T09:36:36","modified_gmt":"2026-01-08T15:36:36","slug":"empleados-arrecian-protestas-por-salarios-atrasados-y-plazas","status":"publish","type":"post","link":"https:\/\/girasolmultimedios.com\/portal\/empleados-arrecian-protestas-por-salarios-atrasados-y-plazas\/","title":{"rendered":"Empleados arrecian protestas por salarios atrasados y plazas"},"content":{"rendered":"\n<p>Las inconformidades laborales volvieron a tomar las calles del centro de Tegucigalpa, donde ayer se desarrollaron protestas simult\u00e1neas de trabajadores municipales y empleados de una dependencia estatal.<\/p>\n\n\n\n<p>Personal vinculado a la Alcald\u00eda Municipal del Distrito Central (AMDC) se apost\u00f3 frente a las instalaciones de la comuna para reclamar el pago de salarios que aseguran permanecen pendientes desde diciembre.<\/p>\n\n\n\n<p>Los manifestantes, pertenecientes a microempresas de aseo, se\u00f1alaron que pese a no haber recibido su remuneraci\u00f3n, han continuado brindando los servicios de limpieza y recolecci\u00f3n en distintos puntos de la capital.<\/p>\n\n\n\n<p>Indicaron que el retraso en los pagos ha generado dificultades econ\u00f3micas para ellos y sus familias, por lo que exigen una pronta soluci\u00f3n por parte de las autoridades municipales.<\/p>\n\n\n\n<p>De manera paralela, empleados de la Secretar\u00eda de Planificaci\u00f3n Estrat\u00e9gica realizaron una protesta frente a esa instituci\u00f3n para demandar la formalizaci\u00f3n de sus plazas laborales.<\/p>\n\n\n\n<p>Seg\u00fan los trabajadores, varios ingresaron durante la actual administraci\u00f3n, pero siguen laborando sin nombramientos oficiales ni garant\u00edas de estabilidad.<\/p>\n\n\n\n<p>La denuncia tambi\u00e9n se extiende a personal de medios de comunicaci\u00f3n estatales que fue trasladado a dicha secretar\u00eda, quienes aseguran que no se les ha reconocido su antig\u00fcedad ni definido su situaci\u00f3n laboral.<\/p>\n\n\n\n<p>Los grupos en protesta advirtieron que mantendr\u00e1n las acciones de presi\u00f3n si no reciben respuestas claras, al considerar que se est\u00e1n vulnerando derechos laborales tanto en el \u00e1mbito municipal como en el estatal.<\/p>\n","protected":false},"excerpt":{"rendered":"<p>Las inconformidades laborales volvieron a tomar las calles del centro de Tegucigalpa, donde ayer se desarrollaron protestas simult\u00e1neas de trabajadores municipales y empleados de una dependencia estatal. Personal vinculado a la Alcald\u00eda Municipal del Distrito Central (AMDC) se apost\u00f3 frente a las instalaciones de la comuna para reclamar el pago de salarios que aseguran permanecen [&hellip;]<\/p>\n","protected":false},"author":2,"featured_media":3256,"comment_status":"closed","ping_status":"open","sticky":false,"template":"","format":"standard","meta":{"_seopress_robots_primary_cat":"","_seopress_titles_title":"","_seopress_titles_desc":"","_seopress_robots_index":"","footnotes":""},"categories":[1],"tags":[],"class_list":["post-3255","post","type-post","status-publish","format-standard","has-post-thumbnail","hentry","category-sin-categoria"],"_links":{"self":[{"href":"https:\/\/girasolmultimedios.com\/portal\/wp-json\/wp\/v2\/posts\/3255","targetHints":{"allow":["GET"]}}],"collection":[{"href":"https:\/\/girasolmultimedios.com\/portal\/wp-json\/wp\/v2\/posts"}],"about":[{"href":"https:\/\/girasolmultimedios.com\/portal\/wp-json\/wp\/v2\/types\/post"}],"author":[{"embeddable":true,"href":"https:\/\/girasolmultimedios.com\/portal\/wp-json\/wp\/v2\/users\/2"}],"replies":[{"embeddable":true,"href":"https:\/\/girasolmultimedios.com\/portal\/wp-json\/wp\/v2\/comments?post=3255"}],"version-history":[{"count":1,"href":"https:\/\/girasolmultimedios.com\/portal\/wp-json\/wp\/v2\/posts\/3255\/revisions"}],"predecessor-version":[{"id":3257,"href":"https:\/\/girasolmultimedios.com\/portal\/wp-json\/wp\/v2\/posts\/3255\/revisions\/3257"}],"wp:featuredmedia":[{"embeddable":true,"href":"https:\/\/girasolmultimedios.com\/portal\/wp-json\/wp\/v2\/media\/3256"}],"wp:attachment":[{"href":"https:\/\/girasolmultimedios.com\/portal\/wp-json\/wp\/v2\/media?parent=3255"}],"wp:term":[{"taxonomy":"category","embeddable":true,"href":"https:\/\/girasolmultimedios.com\/portal\/wp-json\/wp\/v2\/categories?post=3255"},{"taxonomy":"post_tag","embeddable":true,"href":"https:\/\/girasolmultimedios.com\/portal\/wp-json\/wp\/v2\/tags?post=3255"}],"curies":[{"name":"wp","href":"https:\/\/api.w.org\/{rel}","templated":true}]}}