{"id":3264,"date":"2026-01-09T09:56:21","date_gmt":"2026-01-09T15:56:21","guid":{"rendered":"https:\/\/girasolmultimedios.com\/portal\/?p=3264"},"modified":"2026-01-09T09:56:22","modified_gmt":"2026-01-09T15:56:22","slug":"conadeh-condena-ataque-contra-diputada-gladis-aurora-lopez","status":"publish","type":"post","link":"https:\/\/girasolmultimedios.com\/portal\/conadeh-condena-ataque-contra-diputada-gladis-aurora-lopez\/","title":{"rendered":"Conadeh condena ataque contra diputada Gladis Aurora L\u00f3pez"},"content":{"rendered":"\n<p>El\u00a0Comisionado Nacional de los Derechos Humanos (Conadeh), a trav\u00e9s de su titular Blanca Izaguirre, conden\u00f3 la agresi\u00f3n contra la diputada Gladis Aurora L\u00f3pez, quien result\u00f3 lesionada tras recibir el impacto de un artefacto explosivo en la espalda y el cuello cuando se dispon\u00eda a ingresar al Congreso Nacional.<\/p>\n\n\n\n<p>La Instituci\u00f3n Nacional de Derechos Humanos expres\u00f3 su preocupaci\u00f3n por las convocatorias p\u00fablicas realizadas por el diputado Luis Redondo para movilizar colectivos pol\u00edticos hacia el recinto legislativo y pidi\u00f3 esclarecer de forma pronta e imparcial si ese llamado gener\u00f3 o facilit\u00f3 los hechos violentos ocurridos.<\/p>\n\n\n\n<p>El Conadeh advirti\u00f3 que las convocatorias emitidas desde posiciones de autoridad, especialmente en contextos de alta tensi\u00f3n, deben cumplir deberes reforzados de prudencia y diligencia para prevenir riesgos previsibles y evitar escenarios que incrementen la probabilidad de agresiones.<\/p>\n\n\n\n<p>Asimismo, la instituci\u00f3n inform\u00f3 que tuvo conocimiento de una solicitud previa a la Secretar\u00eda de Seguridad para brindar protecci\u00f3n preventiva; sin embargo, se\u00f1al\u00f3 que la respuesta policial no fue efectiva para impedir la agresi\u00f3n, lo que representa un indicio serio de fallas en la prevenci\u00f3n y protecci\u00f3n que requiere un esclarecimiento inmediato.<\/p>\n\n\n\n<p>El organismo alert\u00f3 que este tipo de hechos, ocurridos en el per\u00edodo postelectoral, aumentan el riesgo de escalamiento de la violencia pol\u00edtica, debilitan la confianza en las instituciones y generan un efecto de intimidaci\u00f3n que limita el ejercicio seguro de la representaci\u00f3n pol\u00edtica.<\/p>\n\n\n\n<h4 class=\"wp-block-heading\"><em><strong>Piden acci\u00f3n al MP<\/strong><\/em><\/h4>\n\n\n\n<p>Ante esta situaci\u00f3n, el Conadeh exhort\u00f3 al Ministerio P\u00fablico a iniciar de oficio una investigaci\u00f3n inmediata, asegurar el mismo d\u00eda todas las grabaciones del Congreso Nacional y de edificios aleda\u00f1os, p\u00fablicos y privados, garantizando su preservaci\u00f3n y cadena de custodia, as\u00ed como a realizar diligencias urgentes para identificar a los responsables directos e indirectos, incluyendo posibles omisiones.<\/p>\n","protected":false},"excerpt":{"rendered":"<p>El\u00a0Comisionado Nacional de los Derechos Humanos (Conadeh), a trav\u00e9s de su titular Blanca Izaguirre, conden\u00f3 la agresi\u00f3n contra la diputada Gladis Aurora L\u00f3pez, quien result\u00f3 lesionada tras recibir el impacto de un artefacto explosivo en la espalda y el cuello cuando se dispon\u00eda a ingresar al Congreso Nacional. La Instituci\u00f3n Nacional de Derechos Humanos expres\u00f3 [&hellip;]<\/p>\n","protected":false},"author":2,"featured_media":3265,"comment_status":"closed","ping_status":"open","sticky":false,"template":"","format":"standard","meta":{"_seopress_robots_primary_cat":"","_seopress_titles_title":"","_seopress_titles_desc":"","_seopress_robots_index":"","footnotes":""},"categories":[1],"tags":[],"class_list":["post-3264","post","type-post","status-publish","format-standard","has-post-thumbnail","hentry","category-sin-categoria"],"_links":{"self":[{"href":"https:\/\/girasolmultimedios.com\/portal\/wp-json\/wp\/v2\/posts\/3264","targetHints":{"allow":["GET"]}}],"collection":[{"href":"https:\/\/girasolmultimedios.com\/portal\/wp-json\/wp\/v2\/posts"}],"about":[{"href":"https:\/\/girasolmultimedios.com\/portal\/wp-json\/wp\/v2\/types\/post"}],"author":[{"embeddable":true,"href":"https:\/\/girasolmultimedios.com\/portal\/wp-json\/wp\/v2\/users\/2"}],"replies":[{"embeddable":true,"href":"https:\/\/girasolmultimedios.com\/portal\/wp-json\/wp\/v2\/comments?post=3264"}],"version-history":[{"count":1,"href":"https:\/\/girasolmultimedios.com\/portal\/wp-json\/wp\/v2\/posts\/3264\/revisions"}],"predecessor-version":[{"id":3266,"href":"https:\/\/girasolmultimedios.com\/portal\/wp-json\/wp\/v2\/posts\/3264\/revisions\/3266"}],"wp:featuredmedia":[{"embeddable":true,"href":"https:\/\/girasolmultimedios.com\/portal\/wp-json\/wp\/v2\/media\/3265"}],"wp:attachment":[{"href":"https:\/\/girasolmultimedios.com\/portal\/wp-json\/wp\/v2\/media?parent=3264"}],"wp:term":[{"taxonomy":"category","embeddable":true,"href":"https:\/\/girasolmultimedios.com\/portal\/wp-json\/wp\/v2\/categories?post=3264"},{"taxonomy":"post_tag","embeddable":true,"href":"https:\/\/girasolmultimedios.com\/portal\/wp-json\/wp\/v2\/tags?post=3264"}],"curies":[{"name":"wp","href":"https:\/\/api.w.org\/{rel}","templated":true}]}}