{"id":3267,"date":"2026-01-09T09:58:45","date_gmt":"2026-01-09T15:58:45","guid":{"rendered":"https:\/\/girasolmultimedios.com\/portal\/?p=3267"},"modified":"2026-01-09T09:58:45","modified_gmt":"2026-01-09T15:58:45","slug":"petro-alerta-de-que-existe-una-amenaza-real-de-accion-militar-estadounidense-en-colombia","status":"publish","type":"post","link":"https:\/\/girasolmultimedios.com\/portal\/petro-alerta-de-que-existe-una-amenaza-real-de-accion-militar-estadounidense-en-colombia\/","title":{"rendered":"Petro alerta de que existe \u00abuna amenaza real\u00bb de acci\u00f3n militar estadounidense en Colombia"},"content":{"rendered":"\n<p>El presidente de Colombia, Gustavo Petro, cree que existe una \u00abamenaza real\u00bb de una acci\u00f3n militar estadounidense contra Colombia, despu\u00e9s del ataque y el secuestro de su hom\u00f3logo\u00a0Nicol\u00e1s Maduro\u00a0en Venezuela, seg\u00fan dijo a la cadena p\u00fablica brit\u00e1nica BBC.<\/p>\n\n\n\n<p>En declaraciones desde Bogot\u00e1 difundidas en la p\u00e1gina web de la emisora, Petro afirm\u00f3 que Estados Unidos trata a otros pa\u00edses como parte de un \u00abimperio\u00bb y se\u00f1al\u00f3 que la primera potencia global corre el riesgo de pasar de \u00abdominar el mundo\u00bb a quedar \u00abaislado\u00bb.<\/p>\n\n\n\n<p>Tras la intervenci\u00f3n en Venezuela, el presidente estadounidense, Donald Trump, manifest\u00f3 que una operaci\u00f3n militar contra Colombia \u00absuena bien\u00bb y advirti\u00f3 a Petro de que debe \u00abvigilar su trasero\u00bb.<\/p>\n\n\n\n<p>Los dos mandatarios hablaron por tel\u00e9fono el mi\u00e9rcoles por la noche, tras lo cual el l\u00edder republicano adelant\u00f3 que lo recibir\u00e1 en la Casa Blanca en un futuro pr\u00f3ximo.<\/p>\n\n\n\n<p>En su entrevista con la BBC, Petro revel\u00f3 que esa llamada dur\u00f3 algo menos de una hora, \u00abla mayor parte ocupada por m\u00ed\u00bb, y que abord\u00f3 el narcotr\u00e1fico en Colombia, la visi\u00f3n de Bogot\u00e1 sobre Venezuela y la situaci\u00f3n de Am\u00e9rica Latina respecto a Estados Unidos.<\/p>\n\n\n\n<p>El presidente izquierdista, que en el pasado form\u00f3 parte de la guerrilla en Colombia, tambi\u00e9n critic\u00f3, en sus comentarios a la cadena brit\u00e1nica, la pol\u00edtica migratoria de EE.UU. y acus\u00f3 al Servicio de Inmigraci\u00f3n y Control de Aduanas (ICE, en ingl\u00e9s) de actuar como \u00abbrigadas nazis\u00bb.<\/p>\n\n\n\n<p>Trump, que culpa a la inmigraci\u00f3n por la delincuencia en Estados Unidos, ha ampliado las funciones del ICE all\u00ed, al tiempo que recrimina a pa\u00edses como Colombia y Venezuela no hacer lo suficiente para combatir el narcotr\u00e1fico.<\/p>\n","protected":false},"excerpt":{"rendered":"<p>El presidente de Colombia, Gustavo Petro, cree que existe una \u00abamenaza real\u00bb de una acci\u00f3n militar estadounidense contra Colombia, despu\u00e9s del ataque y el secuestro de su hom\u00f3logo\u00a0Nicol\u00e1s Maduro\u00a0en Venezuela, seg\u00fan dijo a la cadena p\u00fablica brit\u00e1nica BBC. En declaraciones desde Bogot\u00e1 difundidas en la p\u00e1gina web de la emisora, Petro afirm\u00f3 que Estados Unidos [&hellip;]<\/p>\n","protected":false},"author":2,"featured_media":3268,"comment_status":"closed","ping_status":"open","sticky":false,"template":"","format":"standard","meta":{"_seopress_robots_primary_cat":"","_seopress_titles_title":"","_seopress_titles_desc":"","_seopress_robots_index":"","footnotes":""},"categories":[1],"tags":[],"class_list":["post-3267","post","type-post","status-publish","format-standard","has-post-thumbnail","hentry","category-sin-categoria"],"_links":{"self":[{"href":"https:\/\/girasolmultimedios.com\/portal\/wp-json\/wp\/v2\/posts\/3267","targetHints":{"allow":["GET"]}}],"collection":[{"href":"https:\/\/girasolmultimedios.com\/portal\/wp-json\/wp\/v2\/posts"}],"about":[{"href":"https:\/\/girasolmultimedios.com\/portal\/wp-json\/wp\/v2\/types\/post"}],"author":[{"embeddable":true,"href":"https:\/\/girasolmultimedios.com\/portal\/wp-json\/wp\/v2\/users\/2"}],"replies":[{"embeddable":true,"href":"https:\/\/girasolmultimedios.com\/portal\/wp-json\/wp\/v2\/comments?post=3267"}],"version-history":[{"count":1,"href":"https:\/\/girasolmultimedios.com\/portal\/wp-json\/wp\/v2\/posts\/3267\/revisions"}],"predecessor-version":[{"id":3269,"href":"https:\/\/girasolmultimedios.com\/portal\/wp-json\/wp\/v2\/posts\/3267\/revisions\/3269"}],"wp:featuredmedia":[{"embeddable":true,"href":"https:\/\/girasolmultimedios.com\/portal\/wp-json\/wp\/v2\/media\/3268"}],"wp:attachment":[{"href":"https:\/\/girasolmultimedios.com\/portal\/wp-json\/wp\/v2\/media?parent=3267"}],"wp:term":[{"taxonomy":"category","embeddable":true,"href":"https:\/\/girasolmultimedios.com\/portal\/wp-json\/wp\/v2\/categories?post=3267"},{"taxonomy":"post_tag","embeddable":true,"href":"https:\/\/girasolmultimedios.com\/portal\/wp-json\/wp\/v2\/tags?post=3267"}],"curies":[{"name":"wp","href":"https:\/\/api.w.org\/{rel}","templated":true}]}}