{"id":3282,"date":"2026-01-09T10:09:46","date_gmt":"2026-01-09T16:09:46","guid":{"rendered":"https:\/\/girasolmultimedios.com\/portal\/?p=3282"},"modified":"2026-01-09T10:09:46","modified_gmt":"2026-01-09T16:09:46","slug":"danli-tiene-nuevo-mando-en-policia-de-investigacion","status":"publish","type":"post","link":"https:\/\/girasolmultimedios.com\/portal\/danli-tiene-nuevo-mando-en-policia-de-investigacion\/","title":{"rendered":"Danl\u00ed tiene nuevo mando en Polic\u00eda de Investigaci\u00f3n"},"content":{"rendered":"\n<p>DANL\u00cd, El Para\u00edso.\u00a0La Polic\u00eda Nacional realiz\u00f3 hoy jueves el traspaso de mando en la Unidad Departamental n\u00famero 7 (UDEP-7) y de la Direcci\u00f3n Policial de Investigaciones (DPI) como parte de una estrategia para fortalecer su estructura operativa.<\/p>\n\n\n\n<p>De igual forma, los cambios buscan mejorar la eficiencia en la investigaci\u00f3n criminal, reafirmando el compromiso de la instituci\u00f3n con brindar un mejor servicio a la ciudadan\u00eda.<\/p>\n\n\n\n<p>La ceremonia cont\u00f3 con la presencia de la jefa de la Divisi\u00f3n Administrativa de la Direcci\u00f3n Policial de Investigaciones (DPI), subcomisionada de Polic\u00eda, Deny Alvarenga Lara.<\/p>\n\n\n\n<p>La oficial Alvarenga Lara destac\u00f3 la importancia de mantener una transici\u00f3n ordenada y transparente en los liderazgos internos, garantizando la continuidad del trabajo en materia de seguridad y el cumplimiento de los objetivos institucionales.<\/p>\n\n\n\n<p>El jefe de la UDEP-7, subcomisionado Juan Guillermo Rodr\u00edguez, entreg\u00f3 Carta de Encomio al subcomisario Omar Mej\u00eda Perdomo, por el arduo trabajo y el compromiso institucional realizado.<\/p>\n\n\n\n<p>El nuevo jefe de la Polic\u00eda de Investigaci\u00f3n, el subcomisario Jos\u00e9 Manuel Mungu\u00eda Canales, asumir\u00e1 la responsabilidad de potenciar el trabajo investigativo, mejorar los procesos de coordinaci\u00f3n y reforzar los v\u00ednculos con la comunidad, elementos fundamentales para el cumplimiento de la misi\u00f3n policial en la zona oriental del pa\u00eds.<\/p>\n","protected":false},"excerpt":{"rendered":"<p>DANL\u00cd, El Para\u00edso.\u00a0La Polic\u00eda Nacional realiz\u00f3 hoy jueves el traspaso de mando en la Unidad Departamental n\u00famero 7 (UDEP-7) y de la Direcci\u00f3n Policial de Investigaciones (DPI) como parte de una estrategia para fortalecer su estructura operativa. De igual forma, los cambios buscan mejorar la eficiencia en la investigaci\u00f3n criminal, reafirmando el compromiso de la [&hellip;]<\/p>\n","protected":false},"author":2,"featured_media":3283,"comment_status":"closed","ping_status":"open","sticky":false,"template":"","format":"standard","meta":{"_seopress_robots_primary_cat":"","_seopress_titles_title":"","_seopress_titles_desc":"","_seopress_robots_index":"","footnotes":""},"categories":[1],"tags":[],"class_list":["post-3282","post","type-post","status-publish","format-standard","has-post-thumbnail","hentry","category-sin-categoria"],"_links":{"self":[{"href":"https:\/\/girasolmultimedios.com\/portal\/wp-json\/wp\/v2\/posts\/3282","targetHints":{"allow":["GET"]}}],"collection":[{"href":"https:\/\/girasolmultimedios.com\/portal\/wp-json\/wp\/v2\/posts"}],"about":[{"href":"https:\/\/girasolmultimedios.com\/portal\/wp-json\/wp\/v2\/types\/post"}],"author":[{"embeddable":true,"href":"https:\/\/girasolmultimedios.com\/portal\/wp-json\/wp\/v2\/users\/2"}],"replies":[{"embeddable":true,"href":"https:\/\/girasolmultimedios.com\/portal\/wp-json\/wp\/v2\/comments?post=3282"}],"version-history":[{"count":1,"href":"https:\/\/girasolmultimedios.com\/portal\/wp-json\/wp\/v2\/posts\/3282\/revisions"}],"predecessor-version":[{"id":3284,"href":"https:\/\/girasolmultimedios.com\/portal\/wp-json\/wp\/v2\/posts\/3282\/revisions\/3284"}],"wp:featuredmedia":[{"embeddable":true,"href":"https:\/\/girasolmultimedios.com\/portal\/wp-json\/wp\/v2\/media\/3283"}],"wp:attachment":[{"href":"https:\/\/girasolmultimedios.com\/portal\/wp-json\/wp\/v2\/media?parent=3282"}],"wp:term":[{"taxonomy":"category","embeddable":true,"href":"https:\/\/girasolmultimedios.com\/portal\/wp-json\/wp\/v2\/categories?post=3282"},{"taxonomy":"post_tag","embeddable":true,"href":"https:\/\/girasolmultimedios.com\/portal\/wp-json\/wp\/v2\/tags?post=3282"}],"curies":[{"name":"wp","href":"https:\/\/api.w.org\/{rel}","templated":true}]}}