{"id":3285,"date":"2026-01-09T10:13:40","date_gmt":"2026-01-09T16:13:40","guid":{"rendered":"https:\/\/girasolmultimedios.com\/portal\/?p=3285"},"modified":"2026-01-09T10:13:40","modified_gmt":"2026-01-09T16:13:40","slug":"venta-loca-acaparamiento-y-especulacion-genera-medida-de-los-chalecos-reflectantes","status":"publish","type":"post","link":"https:\/\/girasolmultimedios.com\/portal\/venta-loca-acaparamiento-y-especulacion-genera-medida-de-los-chalecos-reflectantes\/","title":{"rendered":"\u201cVenta loca\u201d, acaparamiento y especulaci\u00f3n genera medida de los chalecos reflectantes"},"content":{"rendered":"\n<p>Un completo pandemonio, con \u201cventas locas\u201d, acaparamiento y especulaci\u00f3n de precios, se gener\u00f3 tras la entrada en vigencia de una normativa que obliga a los motociclistas y sus acompa\u00f1antes a utilizar chalecos reflectantes para reducir los accidentes de tr\u00e1nsito en carreteras de Honduras.<\/p>\n\n\n\n<p>Completamente abarrotadas han estado tiendas de todo el pa\u00eds por motociclistas que buscan comprar los distintivos. El mi\u00e9rcoles pasado, las autoridades de la Direcci\u00f3n Nacional de Vialidad y Transporte<\/p>\n\n\n\n<p>(DNVT), hab\u00edan adelantado que la Polic\u00eda Nacional aplicar\u00e1 el decreto 2015, que ordena el uso permanente del chaleco reflectante durante la conducci\u00f3n.<\/p>\n\n\n\n<p>La normativa refuerza otras disposiciones de seguridad vial relacionadas con el uso responsable de la motocicleta, en el contexto de los esfuerzos por promover una conducci\u00f3n m\u00e1s segura y ordenada en Honduras.<\/p>\n\n\n\n<p>Para evitar ser sancionados, decenas de motociclistas se abalanzaron a las tiendas y ferreter\u00edas con el fin de adquirir esa prenda.<\/p>\n\n\n\n<p>Sin embargo, en pocas horas, los chalecos se comenzaron a agotar para la venta y sus precios se dispararon desde 80 a 300 lempiras.<\/p>\n\n\n\n<p>El jefe de Operaciones de DNVT, Enoc Mej\u00eda F\u00fanez, explic\u00f3 que actualmente la medida est\u00e1 en sociabilizaci\u00f3n para que sea portado por los motorizados y sus acompa\u00f1antes para que se vuelvan m\u00e1s visibles.<\/p>\n\n\n\n<p>Con el uso del chaleco, otros conductores se dar\u00edan cuenta m\u00e1s r\u00e1pido de la presencia de un motociclista en espacios oscuros y con escasa visibilidad, por ejemplo, en las noches y la madrugada.<\/p>\n\n\n\n<p>\u201cAs\u00ed evitaremos m\u00e1s accidentes por alcance, y obligar\u00e1 a los motociclistas a utilizar sus v\u00edas\u201d, confi\u00f3.<\/p>\n","protected":false},"excerpt":{"rendered":"<p>Un completo pandemonio, con \u201cventas locas\u201d, acaparamiento y especulaci\u00f3n de precios, se gener\u00f3 tras la entrada en vigencia de una normativa que obliga a los motociclistas y sus acompa\u00f1antes a utilizar chalecos reflectantes para reducir los accidentes de tr\u00e1nsito en carreteras de Honduras. Completamente abarrotadas han estado tiendas de todo el pa\u00eds por motociclistas que [&hellip;]<\/p>\n","protected":false},"author":2,"featured_media":3286,"comment_status":"closed","ping_status":"open","sticky":false,"template":"","format":"standard","meta":{"_seopress_robots_primary_cat":"","_seopress_titles_title":"","_seopress_titles_desc":"","_seopress_robots_index":"","footnotes":""},"categories":[1],"tags":[],"class_list":["post-3285","post","type-post","status-publish","format-standard","has-post-thumbnail","hentry","category-sin-categoria"],"_links":{"self":[{"href":"https:\/\/girasolmultimedios.com\/portal\/wp-json\/wp\/v2\/posts\/3285","targetHints":{"allow":["GET"]}}],"collection":[{"href":"https:\/\/girasolmultimedios.com\/portal\/wp-json\/wp\/v2\/posts"}],"about":[{"href":"https:\/\/girasolmultimedios.com\/portal\/wp-json\/wp\/v2\/types\/post"}],"author":[{"embeddable":true,"href":"https:\/\/girasolmultimedios.com\/portal\/wp-json\/wp\/v2\/users\/2"}],"replies":[{"embeddable":true,"href":"https:\/\/girasolmultimedios.com\/portal\/wp-json\/wp\/v2\/comments?post=3285"}],"version-history":[{"count":1,"href":"https:\/\/girasolmultimedios.com\/portal\/wp-json\/wp\/v2\/posts\/3285\/revisions"}],"predecessor-version":[{"id":3287,"href":"https:\/\/girasolmultimedios.com\/portal\/wp-json\/wp\/v2\/posts\/3285\/revisions\/3287"}],"wp:featuredmedia":[{"embeddable":true,"href":"https:\/\/girasolmultimedios.com\/portal\/wp-json\/wp\/v2\/media\/3286"}],"wp:attachment":[{"href":"https:\/\/girasolmultimedios.com\/portal\/wp-json\/wp\/v2\/media?parent=3285"}],"wp:term":[{"taxonomy":"category","embeddable":true,"href":"https:\/\/girasolmultimedios.com\/portal\/wp-json\/wp\/v2\/categories?post=3285"},{"taxonomy":"post_tag","embeddable":true,"href":"https:\/\/girasolmultimedios.com\/portal\/wp-json\/wp\/v2\/tags?post=3285"}],"curies":[{"name":"wp","href":"https:\/\/api.w.org\/{rel}","templated":true}]}}