{"id":3301,"date":"2026-01-12T09:41:50","date_gmt":"2026-01-12T15:41:50","guid":{"rendered":"https:\/\/girasolmultimedios.com\/portal\/?p=3301"},"modified":"2026-01-12T09:41:50","modified_gmt":"2026-01-12T15:41:50","slug":"entre-aplausos-bromas-y-burlas-se-despide-consejo-de-ministros","status":"publish","type":"post","link":"https:\/\/girasolmultimedios.com\/portal\/entre-aplausos-bromas-y-burlas-se-despide-consejo-de-ministros\/","title":{"rendered":"Entre aplausos, bromas y burlas se despide Consejo de Ministros"},"content":{"rendered":"\n<p>Aunque oficialmente no se han conocido los detalles del Consejo de Ministros del s\u00e1bado pasado, testigos afirman que transcurri\u00f3 entre aplausos, bromas y burlas y que es el \u00faltimo de los cuatro a\u00f1os del mandato de la Presidenta Xiomara Castro, quien lo encabez\u00f3.<\/p>\n\n\n\n<p>Los ministros fueron convocados para discutir la ejecuci\u00f3n del decreto del presidente del Congreso, Luis Redondo, ordenando el Consejo Nacional Electoral (CNE) anular la declaratoria y un nuevo recuento de los votos de los pasados comicios generales.<\/p>\n\n\n\n<p>El otro punto de la agenda era la entraga de los informes de cada cartera ministerial como parte de la transici\u00f3n que la mandataria dice estar apoyando, pero que, seg\u00fan el gobierno entrante, no le ha facilitado ninguna informaci\u00f3n, por ahora.<\/p>\n\n\n\n<h3 class=\"wp-block-heading\">\u201cPELO DE ELOTE\u201d<\/h3>\n\n\n\n<p>De acuerdo a lo que ha trascendido, los ministros comenzaron aplaudiendo la entrada del expresidente Manuel Zelaya, figura clave en todo este cuatrienio, seguido de su esposa, la Presidenta Castro. Una hora despu\u00e9s lleg\u00f3 Redondo.<\/p>\n\n\n\n<p>Los testigos dijeron que Zelaya se refiri\u00f3 a las elecciones llam\u00e1ndolas las m\u00e1s fraudulentas de la historia y profiri\u00f3 frases como \u201cese pelo de elote\u201d refiri\u00e9ndose al presidente de los Estados Unidos, Donald Trump.<\/p>\n\n\n\n<p>Tambi\u00e9n dijo que el presidente electo, Nasry Asfura, no present\u00f3 un plan de gobierno y le bast\u00f3 decir \u201cviene la racha\u201d para ganar las elecciones del 30 de noviembre del 2025.<\/p>\n\n\n\n<p>Seguidamente, la Presidenta habl\u00f3 de que hab\u00eda sancionado el decreto que obliga al CNE a llevar un conteo y dijo que ven\u00eda en camino Redondo a explicar los alcances del mismo.<\/p>\n\n\n\n<p>Redondo lleg\u00f3 una hora tarde y explic\u00f3 lo del decreto y que el CNE ten\u00eda que contestar r\u00e1pido, si no aplicar\u00edan el art\u00edculo 205 de la Constituci\u00f3n, relat\u00f3 la fuente.<\/p>\n\n\n\n<h3 class=\"wp-block-heading\">PREGUNTA EL \u201cGR\u00cdO\u201d<\/h3>\n\n\n\n<p>En su intervenci\u00f3n, el asesor presidencial Gilberto R\u00edos, apodado el \u201cGr\u00edo\u201d, pregunt\u00f3 qu\u00e9 va a pasar si el CNE no quiere ejecutar el conteo a lo que Redondo le respondi\u00f3 que tienen que hacerlo, si no se aplicar\u00e1 la Constituci\u00f3n, porque una declaratoria no se hac\u00eda por medios de comunicaci\u00f3n.<\/p>\n\n\n\n<p>La intervenci\u00f3n de los funcionarios continu\u00f3 con el gerente de la Empresa Nacional de Energ\u00eda El\u00e9ctrica (ENEE), Eric Tejada, afirmando que si no hay escrutinio, ni declaratoria se debe de aplicar el Art\u00edculo 205 a trav\u00e9s del Congreso.<\/p>\n\n\n\n<p>Otros ministros intervinieron para decir que a esta altura no se sabe cu\u00e1les son los votos buenos y los malos de tanto manoseo que les han hecho all\u00ed en el CNE y sobre qui\u00e9n har\u00e1 cumplir ese decreto y el rol de Fuerzas Armadas.<\/p>\n\n\n\n<h3 class=\"wp-block-heading\">ALDANA Y JUAN DIEGO<\/h3>\n\n\n\n<p>Los funcionarios coincidieron que se deben de cumplir este decreto, no es si quieren o no, porque hasta los nacionalistas, que votaron por el alcalde capitalino, Jorge Aldana, est\u00e1n enojados ya que el ganador fue Juan Diego Zelaya.<\/p>\n\n\n\n<p>Ante la insistencia en que las Fuerzas Armadas cumplan el decreto y la negativa del CNE, Redondo coment\u00f3 que este d\u00eda se enviar\u00e1 a todo el mundo y hasta en ingl\u00e9s el decreto y convocar\u00e1 de nuevo a sesi\u00f3n para determinar la aplicaci\u00f3n del art\u00edculo 205 y se van a contar los votos en cinco d\u00edas all\u00ed donde est\u00e1n.<\/p>\n\n\n\n<h3 class=\"wp-block-heading\">GENERAL VALERIO<\/h3>\n\n\n\n<p>Ante la pregunta directa de una ministra, sobre el rol de las Fuerzas Armadas en este dilema, Redondo se dirigi\u00f3 a la Presidenta diciendo aqu\u00ed est\u00e1 la Comandante General que tiene que determinarlo.<\/p>\n\n\n\n<p>En respuesta, la mandataria se dirigi\u00f3 al jefe castrense, H\u00e9ctor Valerio, presente en la reuni\u00f3n, dici\u00e9ndole: yo he respetado a la instituci\u00f3n y a usted lo nombr\u00e9 a\u00fan cuando el presidente anterior dej\u00f3 nombrada una junta, yo la remov\u00ed con el general Fort\u00edn y lo nombr\u00e9 por sus m\u00e9ritos. Adem\u00e1s, le pregunt\u00f3 tajantemente \u00bfcu\u00e1l ser\u00e1 la decisi\u00f3n de Fuerzas Armadas, general Valerio? A lo que el jerarca militar le respondi\u00f3:<\/p>\n\n\n\n<p>Se\u00f1ora Presidenta, vamos a respetar la Constituci\u00f3n de la Rep\u00fablica y lo que ha declar\u00f3 el CNE.<\/p>\n\n\n\n<p>Ante esto, el director del INE, Eugenio Sosa, replic\u00f3 que no se ha hecho declaratoria, no la llevaron a la ENAG y solo la publicaron en un diario.<\/p>\n\n\n\n<p>La mandataria cerr\u00f3 el Consejo de Ministros exigiendo el conteo de los votos de la alcald\u00eda de Tegucigalpa y dirigi\u00e9ndose a sus funcionarios les dijo: Les deseo suerte y este es nuestro \u00faltimo Consejo de Ministros, lo que provoc\u00f3 diez minutos de aplausos y luego entregaron los informes.<\/p>\n\n\n\n<p>La prensa apostada afuera de Casa Presidencial se qued\u00f3 esperando que la mandataria les diera declaraciones, pero ella prefiri\u00f3 no someterse a las preguntas de los palaciegos.<\/p>\n","protected":false},"excerpt":{"rendered":"<p>Aunque oficialmente no se han conocido los detalles del Consejo de Ministros del s\u00e1bado pasado, testigos afirman que transcurri\u00f3 entre aplausos, bromas y burlas y que es el \u00faltimo de los cuatro a\u00f1os del mandato de la Presidenta Xiomara Castro, quien lo encabez\u00f3. Los ministros fueron convocados para discutir la ejecuci\u00f3n del decreto del presidente [&hellip;]<\/p>\n","protected":false},"author":2,"featured_media":3302,"comment_status":"closed","ping_status":"open","sticky":false,"template":"","format":"standard","meta":{"_seopress_robots_primary_cat":"","_seopress_titles_title":"","_seopress_titles_desc":"","_seopress_robots_index":"","footnotes":""},"categories":[1],"tags":[],"class_list":["post-3301","post","type-post","status-publish","format-standard","has-post-thumbnail","hentry","category-sin-categoria"],"_links":{"self":[{"href":"https:\/\/girasolmultimedios.com\/portal\/wp-json\/wp\/v2\/posts\/3301","targetHints":{"allow":["GET"]}}],"collection":[{"href":"https:\/\/girasolmultimedios.com\/portal\/wp-json\/wp\/v2\/posts"}],"about":[{"href":"https:\/\/girasolmultimedios.com\/portal\/wp-json\/wp\/v2\/types\/post"}],"author":[{"embeddable":true,"href":"https:\/\/girasolmultimedios.com\/portal\/wp-json\/wp\/v2\/users\/2"}],"replies":[{"embeddable":true,"href":"https:\/\/girasolmultimedios.com\/portal\/wp-json\/wp\/v2\/comments?post=3301"}],"version-history":[{"count":1,"href":"https:\/\/girasolmultimedios.com\/portal\/wp-json\/wp\/v2\/posts\/3301\/revisions"}],"predecessor-version":[{"id":3303,"href":"https:\/\/girasolmultimedios.com\/portal\/wp-json\/wp\/v2\/posts\/3301\/revisions\/3303"}],"wp:featuredmedia":[{"embeddable":true,"href":"https:\/\/girasolmultimedios.com\/portal\/wp-json\/wp\/v2\/media\/3302"}],"wp:attachment":[{"href":"https:\/\/girasolmultimedios.com\/portal\/wp-json\/wp\/v2\/media?parent=3301"}],"wp:term":[{"taxonomy":"category","embeddable":true,"href":"https:\/\/girasolmultimedios.com\/portal\/wp-json\/wp\/v2\/categories?post=3301"},{"taxonomy":"post_tag","embeddable":true,"href":"https:\/\/girasolmultimedios.com\/portal\/wp-json\/wp\/v2\/tags?post=3301"}],"curies":[{"name":"wp","href":"https:\/\/api.w.org\/{rel}","templated":true}]}}