{"id":3310,"date":"2026-01-12T09:46:12","date_gmt":"2026-01-12T15:46:12","guid":{"rendered":"https:\/\/girasolmultimedios.com\/portal\/?p=3310"},"modified":"2026-01-12T09:46:13","modified_gmt":"2026-01-12T15:46:13","slug":"accidentes-viales-dejan-49-muertos-en-los-primeros-dias-de-2026","status":"publish","type":"post","link":"https:\/\/girasolmultimedios.com\/portal\/accidentes-viales-dejan-49-muertos-en-los-primeros-dias-de-2026\/","title":{"rendered":"Accidentes viales dejan 49 muertos en los primeros d\u00edas de 2026"},"content":{"rendered":"\n<p>Un total de 49 personas murieron en accidentes de tr\u00e1nsito durante los primeros 11 d\u00edas de 2026, seg\u00fan estad\u00edsticas de la\u00a0Direcci\u00f3n Nacional de Vialidad y Transporte (DNVT).<\/p>\n\n\n\n<p>El portavoz de la instituci\u00f3n, C\u00e9sar Aguilar, inform\u00f3 que solo en las \u00faltimas 24 horas se registraron 42 accidentes viales que dejaron cinco fallecidos.<\/p>\n\n\n\n<p>Aguilar detall\u00f3 que la cifra acumulada confirma una tendencia preocupante, luego de que 2025 cerrara con mil 894 muertes por accidentes de tr\u00e1nsito, un 10 % m\u00e1s que en 2024.<\/p>\n\n\n\n<p><\/p>\n","protected":false},"excerpt":{"rendered":"<p>Un total de 49 personas murieron en accidentes de tr\u00e1nsito durante los primeros 11 d\u00edas de 2026, seg\u00fan estad\u00edsticas de la\u00a0Direcci\u00f3n Nacional de Vialidad y Transporte (DNVT). El portavoz de la instituci\u00f3n, C\u00e9sar Aguilar, inform\u00f3 que solo en las \u00faltimas 24 horas se registraron 42 accidentes viales que dejaron cinco fallecidos. Aguilar detall\u00f3 que la [&hellip;]<\/p>\n","protected":false},"author":2,"featured_media":3311,"comment_status":"closed","ping_status":"open","sticky":false,"template":"","format":"standard","meta":{"_seopress_robots_primary_cat":"","_seopress_titles_title":"","_seopress_titles_desc":"","_seopress_robots_index":"","footnotes":""},"categories":[1],"tags":[],"class_list":["post-3310","post","type-post","status-publish","format-standard","has-post-thumbnail","hentry","category-sin-categoria"],"_links":{"self":[{"href":"https:\/\/girasolmultimedios.com\/portal\/wp-json\/wp\/v2\/posts\/3310","targetHints":{"allow":["GET"]}}],"collection":[{"href":"https:\/\/girasolmultimedios.com\/portal\/wp-json\/wp\/v2\/posts"}],"about":[{"href":"https:\/\/girasolmultimedios.com\/portal\/wp-json\/wp\/v2\/types\/post"}],"author":[{"embeddable":true,"href":"https:\/\/girasolmultimedios.com\/portal\/wp-json\/wp\/v2\/users\/2"}],"replies":[{"embeddable":true,"href":"https:\/\/girasolmultimedios.com\/portal\/wp-json\/wp\/v2\/comments?post=3310"}],"version-history":[{"count":1,"href":"https:\/\/girasolmultimedios.com\/portal\/wp-json\/wp\/v2\/posts\/3310\/revisions"}],"predecessor-version":[{"id":3312,"href":"https:\/\/girasolmultimedios.com\/portal\/wp-json\/wp\/v2\/posts\/3310\/revisions\/3312"}],"wp:featuredmedia":[{"embeddable":true,"href":"https:\/\/girasolmultimedios.com\/portal\/wp-json\/wp\/v2\/media\/3311"}],"wp:attachment":[{"href":"https:\/\/girasolmultimedios.com\/portal\/wp-json\/wp\/v2\/media?parent=3310"}],"wp:term":[{"taxonomy":"category","embeddable":true,"href":"https:\/\/girasolmultimedios.com\/portal\/wp-json\/wp\/v2\/categories?post=3310"},{"taxonomy":"post_tag","embeddable":true,"href":"https:\/\/girasolmultimedios.com\/portal\/wp-json\/wp\/v2\/tags?post=3310"}],"curies":[{"name":"wp","href":"https:\/\/api.w.org\/{rel}","templated":true}]}}