{"id":3313,"date":"2026-01-12T09:47:41","date_gmt":"2026-01-12T15:47:41","guid":{"rendered":"https:\/\/girasolmultimedios.com\/portal\/?p=3313"},"modified":"2026-01-12T09:47:42","modified_gmt":"2026-01-12T15:47:42","slug":"se-reporta-primer-caso-de-vih-en-el-2026-en-comayagua","status":"publish","type":"post","link":"https:\/\/girasolmultimedios.com\/portal\/se-reporta-primer-caso-de-vih-en-el-2026-en-comayagua\/","title":{"rendered":"Se reporta primer caso de VIH en el 2026 en Comayagua"},"content":{"rendered":"\n<p><strong>SIGUATEPEQUE, Comayagua.<\/strong>&nbsp;Durante el a\u00f1o 2025 en el Servicio de Atenci\u00f3n Integral (SAI) del Hospital General \u00abSanta Teresa\u00bb registr\u00f3 19 nuevos casos de VIH y en lo que va de este a\u00f1o 2026 ya se reporta el primer caso de esta enfermedad detectado en este centro asistencial.<\/p>\n\n\n\n<p>Lo anterior, lo report\u00f3 el doctor El\u00edas Mart\u00ednez encargado del SAI del Hospital General \u201cSanta Teresa\u201d, quien indic\u00f3 que \u00abel primer caso reportado en los primeros d\u00edas de este a\u00f1o es una paciente del sexo femenino de 26 a\u00f1os, est\u00e1 embarazada, a ella y a su beb\u00e9 se le dio profilaxis a ambos y se tomaron las medidas\u00bb.<\/p>\n\n\n\n<p>Mart\u00ednez, especific\u00f3 que en el SAI atiende a 335 pacientes y solo en el a\u00f1o 2025 se detectaron 19 nuevos casos de VIH, oscilando estos enfermos entre 20 y 40 a\u00f1os de edad, seguimos detectando en etapas in\u00edciales, les damos el tratamiento de retro virales, ning\u00fan paciente ha tenido falta de ellos, la mayor\u00eda est\u00e1n estables con su tratamiento, gracias a donaciones que recibimos del extranjero\u00bb.<\/p>\n\n\n\n<p>Finalmente, el galeno consider\u00f3 que las personas deben de tomar sus correctivos para evitar contagiarse, pero de tener dudas se pueden acercar al hospital y realizarse los ex\u00e1menes, estos son gratis y de resultar positivos iniciar el tratamiento y recibir consejer\u00eda\u00bb.<\/p>\n","protected":false},"excerpt":{"rendered":"<p>SIGUATEPEQUE, Comayagua.&nbsp;Durante el a\u00f1o 2025 en el Servicio de Atenci\u00f3n Integral (SAI) del Hospital General \u00abSanta Teresa\u00bb registr\u00f3 19 nuevos casos de VIH y en lo que va de este a\u00f1o 2026 ya se reporta el primer caso de esta enfermedad detectado en este centro asistencial. Lo anterior, lo report\u00f3 el doctor El\u00edas Mart\u00ednez encargado [&hellip;]<\/p>\n","protected":false},"author":2,"featured_media":3314,"comment_status":"closed","ping_status":"open","sticky":false,"template":"","format":"standard","meta":{"_seopress_robots_primary_cat":"","_seopress_titles_title":"","_seopress_titles_desc":"","_seopress_robots_index":"","footnotes":""},"categories":[1],"tags":[],"class_list":["post-3313","post","type-post","status-publish","format-standard","has-post-thumbnail","hentry","category-sin-categoria"],"_links":{"self":[{"href":"https:\/\/girasolmultimedios.com\/portal\/wp-json\/wp\/v2\/posts\/3313","targetHints":{"allow":["GET"]}}],"collection":[{"href":"https:\/\/girasolmultimedios.com\/portal\/wp-json\/wp\/v2\/posts"}],"about":[{"href":"https:\/\/girasolmultimedios.com\/portal\/wp-json\/wp\/v2\/types\/post"}],"author":[{"embeddable":true,"href":"https:\/\/girasolmultimedios.com\/portal\/wp-json\/wp\/v2\/users\/2"}],"replies":[{"embeddable":true,"href":"https:\/\/girasolmultimedios.com\/portal\/wp-json\/wp\/v2\/comments?post=3313"}],"version-history":[{"count":1,"href":"https:\/\/girasolmultimedios.com\/portal\/wp-json\/wp\/v2\/posts\/3313\/revisions"}],"predecessor-version":[{"id":3315,"href":"https:\/\/girasolmultimedios.com\/portal\/wp-json\/wp\/v2\/posts\/3313\/revisions\/3315"}],"wp:featuredmedia":[{"embeddable":true,"href":"https:\/\/girasolmultimedios.com\/portal\/wp-json\/wp\/v2\/media\/3314"}],"wp:attachment":[{"href":"https:\/\/girasolmultimedios.com\/portal\/wp-json\/wp\/v2\/media?parent=3313"}],"wp:term":[{"taxonomy":"category","embeddable":true,"href":"https:\/\/girasolmultimedios.com\/portal\/wp-json\/wp\/v2\/categories?post=3313"},{"taxonomy":"post_tag","embeddable":true,"href":"https:\/\/girasolmultimedios.com\/portal\/wp-json\/wp\/v2\/tags?post=3313"}],"curies":[{"name":"wp","href":"https:\/\/api.w.org\/{rel}","templated":true}]}}