{"id":3325,"date":"2026-01-13T09:52:44","date_gmt":"2026-01-13T15:52:44","guid":{"rendered":"https:\/\/girasolmultimedios.com\/portal\/?p=3325"},"modified":"2026-01-13T09:52:44","modified_gmt":"2026-01-13T15:52:44","slug":"cardenal-oscar-andres-rodriguez-sostiene-reunion-con-el-papa-leon-xiv","status":"publish","type":"post","link":"https:\/\/girasolmultimedios.com\/portal\/cardenal-oscar-andres-rodriguez-sostiene-reunion-con-el-papa-leon-xiv\/","title":{"rendered":"Cardenal \u00d3scar Andr\u00e9s Rodr\u00edguez sostiene reuni\u00f3n con el Papa Le\u00f3n XIV"},"content":{"rendered":"\n<p>El Cardenal hondure\u00f1o \u00d3scar Andr\u00e9s Rodr\u00edguez Maradiaga, Arzobispo Em\u00e9rito de Tegucigalpa, mantuvo un significativo y cordial encuentro con el Santo Padre Le\u00f3n XIV el pasado 7 de enero de 2026, en el marco del Consistorio Extraordinario convocado por el Pont\u00edfice.<\/p>\n\n\n\n<p>Durante la jornada, caracterizada por momentos de profunda reflexi\u00f3n, oraci\u00f3n y comuni\u00f3n entre los cardenales de todo el mundo, Su Eminencia visit\u00f3 al Papa en la oficina pontificia, donde ambos compartieron un di\u00e1logo fraterno y estrecharon lazos de cercan\u00eda pastoral.<\/p>\n\n\n\n<p>Seg\u00fan inform\u00f3 el medio cat\u00f3lico hondure\u00f1o Suyapa Medios, el encuentro transcurri\u00f3 en un ambiente de gran cordialidad: \u00abEl Cardenal Rodr\u00edguez Maradiaga se encontr\u00f3 con el Papa Le\u00f3n XIV, quienes estuvieron presentes en el consistorio del pasado 7 de enero. Su Eminencia visit\u00f3 al Pont\u00edfice con quienes estrecharon y compartieron en la oficina papal\u00bb.<\/p>\n\n\n\n<p>Este acercamiento adquiere especial relevancia al tratarse de uno de los primeros encuentros personales del Cardenal hondure\u00f1o con el nuevo Pont\u00edfice \u2014elegido el 8 de mayo de 2025\u2014, quien inici\u00f3 su ministerio petrino tras el fallecimiento de Francisco y ha convocado este consistorio extraordinario como espacio privilegiado de discernimiento colegial para el futuro de la Iglesia.<\/p>\n\n\n\n<p>El Cardenal Rodr\u00edguez Maradiaga, reconocido por su larga trayectoria de servicio a la Iglesia universal y su cercan\u00eda con el anterior pontificado, representa una voz destacada de la Iglesia en Am\u00e9rica Latina y mantiene un activo rol de acompa\u00f1amiento pastoral en Honduras y la regi\u00f3n.<\/p>\n","protected":false},"excerpt":{"rendered":"<p>El Cardenal hondure\u00f1o \u00d3scar Andr\u00e9s Rodr\u00edguez Maradiaga, Arzobispo Em\u00e9rito de Tegucigalpa, mantuvo un significativo y cordial encuentro con el Santo Padre Le\u00f3n XIV el pasado 7 de enero de 2026, en el marco del Consistorio Extraordinario convocado por el Pont\u00edfice. Durante la jornada, caracterizada por momentos de profunda reflexi\u00f3n, oraci\u00f3n y comuni\u00f3n entre los cardenales [&hellip;]<\/p>\n","protected":false},"author":2,"featured_media":3326,"comment_status":"closed","ping_status":"open","sticky":false,"template":"","format":"standard","meta":{"_seopress_robots_primary_cat":"","_seopress_titles_title":"","_seopress_titles_desc":"","_seopress_robots_index":"","footnotes":""},"categories":[1],"tags":[],"class_list":["post-3325","post","type-post","status-publish","format-standard","has-post-thumbnail","hentry","category-sin-categoria"],"_links":{"self":[{"href":"https:\/\/girasolmultimedios.com\/portal\/wp-json\/wp\/v2\/posts\/3325","targetHints":{"allow":["GET"]}}],"collection":[{"href":"https:\/\/girasolmultimedios.com\/portal\/wp-json\/wp\/v2\/posts"}],"about":[{"href":"https:\/\/girasolmultimedios.com\/portal\/wp-json\/wp\/v2\/types\/post"}],"author":[{"embeddable":true,"href":"https:\/\/girasolmultimedios.com\/portal\/wp-json\/wp\/v2\/users\/2"}],"replies":[{"embeddable":true,"href":"https:\/\/girasolmultimedios.com\/portal\/wp-json\/wp\/v2\/comments?post=3325"}],"version-history":[{"count":1,"href":"https:\/\/girasolmultimedios.com\/portal\/wp-json\/wp\/v2\/posts\/3325\/revisions"}],"predecessor-version":[{"id":3327,"href":"https:\/\/girasolmultimedios.com\/portal\/wp-json\/wp\/v2\/posts\/3325\/revisions\/3327"}],"wp:featuredmedia":[{"embeddable":true,"href":"https:\/\/girasolmultimedios.com\/portal\/wp-json\/wp\/v2\/media\/3326"}],"wp:attachment":[{"href":"https:\/\/girasolmultimedios.com\/portal\/wp-json\/wp\/v2\/media?parent=3325"}],"wp:term":[{"taxonomy":"category","embeddable":true,"href":"https:\/\/girasolmultimedios.com\/portal\/wp-json\/wp\/v2\/categories?post=3325"},{"taxonomy":"post_tag","embeddable":true,"href":"https:\/\/girasolmultimedios.com\/portal\/wp-json\/wp\/v2\/tags?post=3325"}],"curies":[{"name":"wp","href":"https:\/\/api.w.org\/{rel}","templated":true}]}}