{"id":3328,"date":"2026-01-13T09:56:12","date_gmt":"2026-01-13T15:56:12","guid":{"rendered":"https:\/\/girasolmultimedios.com\/portal\/?p=3328"},"modified":"2026-01-13T09:56:13","modified_gmt":"2026-01-13T15:56:13","slug":"pl-nombra-comision-para-buscar-los-24-votos-para-presidir-el-cn","status":"publish","type":"post","link":"https:\/\/girasolmultimedios.com\/portal\/pl-nombra-comision-para-buscar-los-24-votos-para-presidir-el-cn\/","title":{"rendered":"PL nombra comisi\u00f3n para buscar los 24 votos para presidir el CN"},"content":{"rendered":"\n<p>El Partido Liberal design\u00f3 ayer una comisi\u00f3n para buscar en el Partido Nacional, pero bajo ning\u00fan punto con Libre, los 24 votos que le faltan para presidir del Congreso de cara a la instalaci\u00f3n de la sesi\u00f3n preparatoria de la nueva junta directiva, el pr\u00f3ximo 21 de enero, para el per\u00edodo 2026-2030.<\/p>\n\n\n\n<p>Tras una reuni\u00f3n en la sede liberal en Tegucigalpa, la comisi\u00f3n qued\u00f3 integrada por los diputados, Ericka Urtecho, Gracias a Dios, y vicepresidenta del partido; Yuri Sabas, Choluteca; Marlon Lara, Cort\u00e9s; Francis Cabrera, Cop\u00e1n, el secretario general del partido, Alan Ramos, el tambi\u00e9n directivo, Octavio Pineda y el edil de Marcovia, Choluteca, Nah\u00fan C\u00e1lix, quien preside la asociaci\u00f3n de alcaldes liberales.<\/p>\n\n\n\n<p>En la cita estuvo presente el excandidato presidencial, Salvador Nasralla, quien anticip\u00f3 a Sabas y Lara, como los candidatos para dirigir la C\u00e1mara Legislativa en caso de conseguir los ansiados votos para los 65 requeridos para el qu\u00f3rum.<\/p>\n\n\n\n<p>Nasralla tambi\u00e9n dijo que los liberales tienen derecho a presidir el Poder Legislativo dado el estrecho margen, unos 28 mil votos, con el que \u00e9l perdi\u00f3 las elecciones frente al ahora presidente electo, Nasry Asfura.<\/p>\n\n\n\n<p>Otra de las razones que expuso es que su partido tiene m\u00e1s marcas en el nivel de diputados que los nacionalistas y que estos, los \u00faltimos 12 a\u00f1os que gobernaron, crearon tres millones de pobres, junto a escandalosos casos de corrupci\u00f3n y narcotr\u00e1fico. \u201cPor el bien del pa\u00eds, los liberales debemos presidir el Congreso para que haya una gobernanza justa y no ese exceso de poder de todos los gobiernos del pasado al controlar todos los Poderes del Estado\u201d, recalc\u00f3 Nasralla.<\/p>\n\n\n\n<h2 class=\"wp-block-heading\"><strong>\u00bfPACTO CON LIBRE?<\/strong><\/h2>\n\n\n\n<p>Adem\u00e1s de diputados y alcaldes electos, en la reuni\u00f3n estuvo tambi\u00e9n el presidente del partido y alcalde de San Pedro Sula, Roberto Contreras, quien se ha distanciado de Nasralla por los ataques de este hacia \u00e9l en las \u00faltimas semanas aunque est\u00e1 de acuerdo que los liberales presidan el Congreso siempre y cuando, recalc\u00f3, no pacten con Libre ya que la convenci\u00f3n de mayo pasado lo proh\u00edbe.<\/p>\n\n\n\n<p>Como muestra de unidad partidaria alrededor de la misi\u00f3n por el control del Congreso, otro de los invitados presentes fue el diputado Jorge C\u00e1lix, ex precandidato presidencial y quien suena para ocupar una curul, v\u00eda inscripci\u00f3n, una vez que el Congreso se instale y el actual diputado de Olancho, Samuel Garc\u00eda, le ceda su puesto, como ha trascendido.<\/p>\n\n\n\n<p>A pesar del \u00edmpetu liberal, los nacionalistas est\u00e1n m\u00e1s cerca de quedarse con la silla legislativa ya que tienen 49 diputados, falt\u00e1ndole 16 para llegar a los 65 requeridos y que los podr\u00edan encontrar en los tres partidos minoritarios (dos del PINU y uno de la DC) y los liberales que puedan darse vuelta a \u00faltima hora, como ha sucedido en el pasado.<\/p>\n\n\n\n<p>En caso de los tres votos del PINU y la DC ninguno se ha pronunciado sobre qu\u00e9 bloque apoyar\u00edan, pero hist\u00f3ricamente se plegan al partido en el poder, que desde 1981 siempre se ha quedado tambi\u00e9n con el control del Congreso.<\/p>\n\n\n\n<h2 class=\"wp-block-heading\"><strong>NINGUNO TIENE MAYOR\u00cdA<\/strong><\/h2>\n\n\n\n<p>\u201cComo ninguno tiene los 65 votos, as\u00ed que vamos a buscar esos consensos con aquellos diputados que quieran construir y no destruir al pa\u00eds\u201d, se\u00f1al\u00f3 el diputado Sabas al salir de la reuni\u00f3n.<\/p>\n\n\n\n<p>En los mismos t\u00e9rminos se pronunci\u00f3 la vicepresidenta Urtecho al afirmar que \u201cal no otorgar mayor\u00eda simple a ning\u00fan partido, el pueblo nos mand\u00f3 a dialogar, a buscar los consensos necesarios para tener un congreso plural y que tenga una visi\u00f3n amplia del pa\u00eds\u201d.<\/p>\n\n\n\n<p>Como Libre ha ofrecido sus 35 diputados a cambio de varias condiciones entre ellas que les respeten al fiscal general Johel Zelaya, electo por el gobierno saliente, Urtecho aclar\u00f3 que \u201cla comisi\u00f3n no negociar\u00e1 cuotas ni intercambiar\u00e1 favores, su funci\u00f3n es presentar exigencias leg\u00edtimas del pueblo hondure\u00f1o y solicitar los espacios necesarios para impulsarlas\u201d.<\/p>\n\n\n\n<p>Por su parte, los nacionalistas han cerrado fila con su candidato Tom\u00e1s Zambrano para dirigir la C\u00e1mara Legislativa y el propio presidente electo, Asfura, dijo que estaban dispuestos a ceder unos cargos directivos, pero nunca la presidencia.&nbsp;<\/p>\n","protected":false},"excerpt":{"rendered":"<p>El Partido Liberal design\u00f3 ayer una comisi\u00f3n para buscar en el Partido Nacional, pero bajo ning\u00fan punto con Libre, los 24 votos que le faltan para presidir del Congreso de cara a la instalaci\u00f3n de la sesi\u00f3n preparatoria de la nueva junta directiva, el pr\u00f3ximo 21 de enero, para el per\u00edodo 2026-2030. Tras una reuni\u00f3n [&hellip;]<\/p>\n","protected":false},"author":2,"featured_media":3329,"comment_status":"closed","ping_status":"open","sticky":false,"template":"","format":"standard","meta":{"_seopress_robots_primary_cat":"","_seopress_titles_title":"","_seopress_titles_desc":"","_seopress_robots_index":"","footnotes":""},"categories":[1],"tags":[],"class_list":["post-3328","post","type-post","status-publish","format-standard","has-post-thumbnail","hentry","category-sin-categoria"],"_links":{"self":[{"href":"https:\/\/girasolmultimedios.com\/portal\/wp-json\/wp\/v2\/posts\/3328","targetHints":{"allow":["GET"]}}],"collection":[{"href":"https:\/\/girasolmultimedios.com\/portal\/wp-json\/wp\/v2\/posts"}],"about":[{"href":"https:\/\/girasolmultimedios.com\/portal\/wp-json\/wp\/v2\/types\/post"}],"author":[{"embeddable":true,"href":"https:\/\/girasolmultimedios.com\/portal\/wp-json\/wp\/v2\/users\/2"}],"replies":[{"embeddable":true,"href":"https:\/\/girasolmultimedios.com\/portal\/wp-json\/wp\/v2\/comments?post=3328"}],"version-history":[{"count":1,"href":"https:\/\/girasolmultimedios.com\/portal\/wp-json\/wp\/v2\/posts\/3328\/revisions"}],"predecessor-version":[{"id":3330,"href":"https:\/\/girasolmultimedios.com\/portal\/wp-json\/wp\/v2\/posts\/3328\/revisions\/3330"}],"wp:featuredmedia":[{"embeddable":true,"href":"https:\/\/girasolmultimedios.com\/portal\/wp-json\/wp\/v2\/media\/3329"}],"wp:attachment":[{"href":"https:\/\/girasolmultimedios.com\/portal\/wp-json\/wp\/v2\/media?parent=3328"}],"wp:term":[{"taxonomy":"category","embeddable":true,"href":"https:\/\/girasolmultimedios.com\/portal\/wp-json\/wp\/v2\/categories?post=3328"},{"taxonomy":"post_tag","embeddable":true,"href":"https:\/\/girasolmultimedios.com\/portal\/wp-json\/wp\/v2\/tags?post=3328"}],"curies":[{"name":"wp","href":"https:\/\/api.w.org\/{rel}","templated":true}]}}