{"id":3331,"date":"2026-01-13T09:59:31","date_gmt":"2026-01-13T15:59:31","guid":{"rendered":"https:\/\/girasolmultimedios.com\/portal\/?p=3331"},"modified":"2026-01-13T09:59:31","modified_gmt":"2026-01-13T15:59:31","slug":"diputados-autoconvocados-anulan-decreto-de-redondo","status":"publish","type":"post","link":"https:\/\/girasolmultimedios.com\/portal\/diputados-autoconvocados-anulan-decreto-de-redondo\/","title":{"rendered":"Diputados autoconvocados anulan decreto de Redondo"},"content":{"rendered":"\n<p>Los diputados autoconvocados anularon anoche el decreto aprobado por el presidente de Legislativo, Luis Redondo, que ped\u00eda un recuento de votos de las elecciones generales del pasado 30 de noviembre.<\/p>\n\n\n\n<p>Tambi\u00e9n aprobaron la disposici\u00f3n para que cualquiera de los magistrados de la Corte Suprema de Justicia (CSJ) puedan presentarse a instalar la junta directiva provisional del nuevo Congreso que toma posesi\u00f3n el 21 de enero.<\/p>\n\n\n\n<p>Lo anterior en previsi\u00f3n en caso de que no se presente el actual ministro de Gobernaci\u00f3n, Tom\u00e1s Vaquero, quien conforme a la Constituci\u00f3n deber\u00eda tomarle la promesa de ley al nuevo presidente del Congreso y el resto de la directiva que sea propuesta el 21 de enero.<\/p>\n\n\n\n<p>Una vez instalado en propiedad el 25 de enero, el presidente del nuevo Congreso deber\u00e1 tomar el juramento al presidente electo, Nasry Asfura, el 27 de enero en sesi\u00f3n solemne.<\/p>\n\n\n\n<p>Los diputados autoconvocados son mayor\u00eda al grupo de Redondo compuesto por menos de 40 legisladores de los 128 que integran la C\u00e1mara Legislativa y por lo tanto sus resoluciones tienen fuerza legal aunque el oficialismo los desconoce y m\u00e1s bien busca meterlos presos.<\/p>\n\n\n\n<p>Los congresistas segu\u00edan abordando otros temas anoche durante la misma sesi\u00f3n en un hotel capitalino fuertemente resguardado por militares ante la amenaza de Redondo de atacarlos con los colectivos del partido de gobierno, Libre, como lo hizo el jueves anterior resultando herida con una bomba casera la diputada nacionalista Gladis Aurora L\u00f3pez, quien sigue interna en un hospital.&nbsp;<\/p>\n","protected":false},"excerpt":{"rendered":"<p>Los diputados autoconvocados anularon anoche el decreto aprobado por el presidente de Legislativo, Luis Redondo, que ped\u00eda un recuento de votos de las elecciones generales del pasado 30 de noviembre. Tambi\u00e9n aprobaron la disposici\u00f3n para que cualquiera de los magistrados de la Corte Suprema de Justicia (CSJ) puedan presentarse a instalar la junta directiva provisional [&hellip;]<\/p>\n","protected":false},"author":2,"featured_media":3332,"comment_status":"closed","ping_status":"open","sticky":false,"template":"","format":"standard","meta":{"_seopress_robots_primary_cat":"","_seopress_titles_title":"","_seopress_titles_desc":"","_seopress_robots_index":"","footnotes":""},"categories":[1],"tags":[],"class_list":["post-3331","post","type-post","status-publish","format-standard","has-post-thumbnail","hentry","category-sin-categoria"],"_links":{"self":[{"href":"https:\/\/girasolmultimedios.com\/portal\/wp-json\/wp\/v2\/posts\/3331","targetHints":{"allow":["GET"]}}],"collection":[{"href":"https:\/\/girasolmultimedios.com\/portal\/wp-json\/wp\/v2\/posts"}],"about":[{"href":"https:\/\/girasolmultimedios.com\/portal\/wp-json\/wp\/v2\/types\/post"}],"author":[{"embeddable":true,"href":"https:\/\/girasolmultimedios.com\/portal\/wp-json\/wp\/v2\/users\/2"}],"replies":[{"embeddable":true,"href":"https:\/\/girasolmultimedios.com\/portal\/wp-json\/wp\/v2\/comments?post=3331"}],"version-history":[{"count":1,"href":"https:\/\/girasolmultimedios.com\/portal\/wp-json\/wp\/v2\/posts\/3331\/revisions"}],"predecessor-version":[{"id":3333,"href":"https:\/\/girasolmultimedios.com\/portal\/wp-json\/wp\/v2\/posts\/3331\/revisions\/3333"}],"wp:featuredmedia":[{"embeddable":true,"href":"https:\/\/girasolmultimedios.com\/portal\/wp-json\/wp\/v2\/media\/3332"}],"wp:attachment":[{"href":"https:\/\/girasolmultimedios.com\/portal\/wp-json\/wp\/v2\/media?parent=3331"}],"wp:term":[{"taxonomy":"category","embeddable":true,"href":"https:\/\/girasolmultimedios.com\/portal\/wp-json\/wp\/v2\/categories?post=3331"},{"taxonomy":"post_tag","embeddable":true,"href":"https:\/\/girasolmultimedios.com\/portal\/wp-json\/wp\/v2\/tags?post=3331"}],"curies":[{"name":"wp","href":"https:\/\/api.w.org\/{rel}","templated":true}]}}