{"id":3352,"date":"2026-01-13T10:25:32","date_gmt":"2026-01-13T16:25:32","guid":{"rendered":"https:\/\/girasolmultimedios.com\/portal\/?p=3352"},"modified":"2026-01-13T10:25:32","modified_gmt":"2026-01-13T16:25:32","slug":"ultiman-a-balazos-a-una-dirigente-patronal","status":"publish","type":"post","link":"https:\/\/girasolmultimedios.com\/portal\/ultiman-a-balazos-a-una-dirigente-patronal\/","title":{"rendered":"Ultiman a balazos a una dirigente patronal"},"content":{"rendered":"\n<p>Una dirigente patronal muri\u00f3 ayer tras ser acribillada a balazos en la colonia Arenales 2 de San Pedro Sula, zona norte de Honduras.<\/p>\n\n\n\n<p>La v\u00edctima, Carla Vigil, dirigente de la Confederaci\u00f3n de Patronatos fue llevada de emergencia hasta el Hospital Marino Catarino Rivas, donde horas m\u00e1s tarde lamentablemente se report\u00f3 su fallecimiento.<\/p>\n\n\n\n<p>La balacera a manos de sujetos no identificados se suscit\u00f3 exactamente a inmediaciones de bulevar del este.<\/p>\n\n\n\n<p>\u201cLamentamos la muerte de nuestra compa\u00f1era porque la verdad, fue muy buena y combativa en cuanto a desempe\u00f1o en nuestra colonia\u201d, dijo un dirigente patronal que prefiri\u00f3 el anonimato.<\/p>\n\n\n\n<p>\u201cQueremos pues pedir el apoyo de las autoridades para que esto se investigue hasta el final porque ya d\u00edas estamos siendo amenazados y no queremos que sigan ocurriendo este tipo de hechos violentos\u201d, agreg\u00f3.<\/p>\n\n\n\n<p>\u201cPedimos que las autoridades policiales pongan mano en el asunto no soportamos las amenazas\u201d, agreg\u00f3.<\/p>\n\n\n\n<p>\u201cNuestra compa\u00f1era enfrentaba conflictos por tierras, existen dos directivas, la otra es una paralela que empez\u00f3 bien, pero al final salimos estafados y resulta que la otra directiva es la que nos tiene amenazados\u201d, ampli\u00f3.<\/p>\n\n\n\n<p>\u201cCon esto no estoy culpando del crimen a ellos, solo pedimos que se investigue porque sospechamos de all\u00ed viene el problema\u201d, insisti\u00f3.<\/p>\n\n\n\n<p>Para este d\u00eda, pobladores de la colonia Arenales 2 estar\u00edan determinando acciones de protesta para los pr\u00f3ximos d\u00edas para que la muerte violenta no quede en simples estad\u00edsticas.<\/p>\n\n\n\n<p>\u201cLuchamos por conseguir un pedacito de tierra para montar nuestra casita, y que por eso nos est\u00e9n quitando la vida, no es justo\u201d, concluy\u00f3.<\/p>\n","protected":false},"excerpt":{"rendered":"<p>Una dirigente patronal muri\u00f3 ayer tras ser acribillada a balazos en la colonia Arenales 2 de San Pedro Sula, zona norte de Honduras. La v\u00edctima, Carla Vigil, dirigente de la Confederaci\u00f3n de Patronatos fue llevada de emergencia hasta el Hospital Marino Catarino Rivas, donde horas m\u00e1s tarde lamentablemente se report\u00f3 su fallecimiento. La balacera a [&hellip;]<\/p>\n","protected":false},"author":2,"featured_media":3353,"comment_status":"closed","ping_status":"open","sticky":false,"template":"","format":"standard","meta":{"_seopress_robots_primary_cat":"","_seopress_titles_title":"","_seopress_titles_desc":"","_seopress_robots_index":"","footnotes":""},"categories":[1],"tags":[],"class_list":["post-3352","post","type-post","status-publish","format-standard","has-post-thumbnail","hentry","category-sin-categoria"],"_links":{"self":[{"href":"https:\/\/girasolmultimedios.com\/portal\/wp-json\/wp\/v2\/posts\/3352","targetHints":{"allow":["GET"]}}],"collection":[{"href":"https:\/\/girasolmultimedios.com\/portal\/wp-json\/wp\/v2\/posts"}],"about":[{"href":"https:\/\/girasolmultimedios.com\/portal\/wp-json\/wp\/v2\/types\/post"}],"author":[{"embeddable":true,"href":"https:\/\/girasolmultimedios.com\/portal\/wp-json\/wp\/v2\/users\/2"}],"replies":[{"embeddable":true,"href":"https:\/\/girasolmultimedios.com\/portal\/wp-json\/wp\/v2\/comments?post=3352"}],"version-history":[{"count":1,"href":"https:\/\/girasolmultimedios.com\/portal\/wp-json\/wp\/v2\/posts\/3352\/revisions"}],"predecessor-version":[{"id":3354,"href":"https:\/\/girasolmultimedios.com\/portal\/wp-json\/wp\/v2\/posts\/3352\/revisions\/3354"}],"wp:featuredmedia":[{"embeddable":true,"href":"https:\/\/girasolmultimedios.com\/portal\/wp-json\/wp\/v2\/media\/3353"}],"wp:attachment":[{"href":"https:\/\/girasolmultimedios.com\/portal\/wp-json\/wp\/v2\/media?parent=3352"}],"wp:term":[{"taxonomy":"category","embeddable":true,"href":"https:\/\/girasolmultimedios.com\/portal\/wp-json\/wp\/v2\/categories?post=3352"},{"taxonomy":"post_tag","embeddable":true,"href":"https:\/\/girasolmultimedios.com\/portal\/wp-json\/wp\/v2\/tags?post=3352"}],"curies":[{"name":"wp","href":"https:\/\/api.w.org\/{rel}","templated":true}]}}