{"id":3364,"date":"2026-01-14T10:14:11","date_gmt":"2026-01-14T16:14:11","guid":{"rendered":"https:\/\/girasolmultimedios.com\/portal\/?p=3364"},"modified":"2026-01-14T10:14:11","modified_gmt":"2026-01-14T16:14:11","slug":"transportistas-se-reunen-con-covi-por-alza-de-peajes-en-la-ca-5","status":"publish","type":"post","link":"https:\/\/girasolmultimedios.com\/portal\/transportistas-se-reunen-con-covi-por-alza-de-peajes-en-la-ca-5\/","title":{"rendered":"Transportistas se re\u00fanen con Covi por alza de peajes en la CA-5"},"content":{"rendered":"\n<p>A un d\u00eda de que entre en vigencia el aumento de las tarifas de peajes en la CA-5, el dirigente del transporte de carga pesada, Edgardo Men\u00e9ndez, inform\u00f3 que este mi\u00e9rcoles sostendr\u00e1n una reuni\u00f3n con representantes de la empresa\u00a0Concesionario Vial de Honduras (Covi).<\/p>\n\n\n\n<p>Men\u00e9ndez explic\u00f3 que COVI los convoc\u00f3 a las 10:00 de la ma\u00f1ana para dialogar sobre el ajuste tarifario, aunque aclar\u00f3 que en el encuentro no participar\u00e1n representantes del gobierno de Xiomara Castro y que la reuni\u00f3n no garantiza la suspensi\u00f3n del incremento.<\/p>\n\n\n\n<p>El dirigente se\u00f1al\u00f3 que la quema de casetas no es una soluci\u00f3n y llam\u00f3 a las partes a actuar con responsabilidad.<\/p>\n\n\n\n<p>\u201cTenemos que ser serios y responsables. Todos debemos pensar en el di\u00e1logo\u201d, reiter\u00f3.<\/p>\n","protected":false},"excerpt":{"rendered":"<p>A un d\u00eda de que entre en vigencia el aumento de las tarifas de peajes en la CA-5, el dirigente del transporte de carga pesada, Edgardo Men\u00e9ndez, inform\u00f3 que este mi\u00e9rcoles sostendr\u00e1n una reuni\u00f3n con representantes de la empresa\u00a0Concesionario Vial de Honduras (Covi). Men\u00e9ndez explic\u00f3 que COVI los convoc\u00f3 a las 10:00 de la ma\u00f1ana [&hellip;]<\/p>\n","protected":false},"author":2,"featured_media":3365,"comment_status":"closed","ping_status":"open","sticky":false,"template":"","format":"standard","meta":{"_seopress_robots_primary_cat":"","_seopress_titles_title":"","_seopress_titles_desc":"","_seopress_robots_index":"","footnotes":""},"categories":[1],"tags":[],"class_list":["post-3364","post","type-post","status-publish","format-standard","has-post-thumbnail","hentry","category-sin-categoria"],"_links":{"self":[{"href":"https:\/\/girasolmultimedios.com\/portal\/wp-json\/wp\/v2\/posts\/3364","targetHints":{"allow":["GET"]}}],"collection":[{"href":"https:\/\/girasolmultimedios.com\/portal\/wp-json\/wp\/v2\/posts"}],"about":[{"href":"https:\/\/girasolmultimedios.com\/portal\/wp-json\/wp\/v2\/types\/post"}],"author":[{"embeddable":true,"href":"https:\/\/girasolmultimedios.com\/portal\/wp-json\/wp\/v2\/users\/2"}],"replies":[{"embeddable":true,"href":"https:\/\/girasolmultimedios.com\/portal\/wp-json\/wp\/v2\/comments?post=3364"}],"version-history":[{"count":1,"href":"https:\/\/girasolmultimedios.com\/portal\/wp-json\/wp\/v2\/posts\/3364\/revisions"}],"predecessor-version":[{"id":3366,"href":"https:\/\/girasolmultimedios.com\/portal\/wp-json\/wp\/v2\/posts\/3364\/revisions\/3366"}],"wp:featuredmedia":[{"embeddable":true,"href":"https:\/\/girasolmultimedios.com\/portal\/wp-json\/wp\/v2\/media\/3365"}],"wp:attachment":[{"href":"https:\/\/girasolmultimedios.com\/portal\/wp-json\/wp\/v2\/media?parent=3364"}],"wp:term":[{"taxonomy":"category","embeddable":true,"href":"https:\/\/girasolmultimedios.com\/portal\/wp-json\/wp\/v2\/categories?post=3364"},{"taxonomy":"post_tag","embeddable":true,"href":"https:\/\/girasolmultimedios.com\/portal\/wp-json\/wp\/v2\/tags?post=3364"}],"curies":[{"name":"wp","href":"https:\/\/api.w.org\/{rel}","templated":true}]}}