{"id":3367,"date":"2026-01-14T10:15:36","date_gmt":"2026-01-14T16:15:36","guid":{"rendered":"https:\/\/girasolmultimedios.com\/portal\/?p=3367"},"modified":"2026-01-14T10:15:36","modified_gmt":"2026-01-14T16:15:36","slug":"ministros-recogen-sus-acuerdos-de-cancelacion","status":"publish","type":"post","link":"https:\/\/girasolmultimedios.com\/portal\/ministros-recogen-sus-acuerdos-de-cancelacion\/","title":{"rendered":"Ministros recogen sus acuerdos de cancelaci\u00f3n"},"content":{"rendered":"\n<p>Los ministros, directores, gerentes y otros altos funcionarios del gobierno recibieron ayer sus acuerdos de cancelaci\u00f3n pasando a la vil llanura a partir del pr\u00f3ximo 27 de enero pr\u00f3ximo.<\/p>\n\n\n\n<p>\u00abBuenas tardes a todos los Secretarios de las Diferentes Secretar\u00edas de Estado, que ya est\u00e1n preparados los Acuerdos de Cancelaci\u00f3n de cada uno de los Titulares, Subsecretarios de Estado, Secretarios Generales y Gerentes Administrativos de sus respectivas Instituciones\u00bb, reza en uno de los oficios del Ministerio de Gobernaci\u00f3n encargado de esa labor.<\/p>\n\n\n\n<p>\u00abPueden pasar ma\u00f1ana martes (ayer) 13 de enero del 2026 a partir de las 10:00 am por la Secretar\u00eda General del Ministerio de Gobernaci\u00f3n, Justicia y Descentralizaci\u00f3n sita en el Edificio 2 Nivel 20 del Centro C\u00edvico Gubernamental\u00bb, agrega.<\/p>\n\n\n\n<p>En caso de no poder llegar los Titulares Correspondientes, se\u00f1ala la nota, favor delegar en la figura de los Subsecretarios o en los Secretarios Generales, explicando claramente la delegaci\u00f3n y potestad correspondiente para recoger todos los Acuerdos de Cancelaci\u00f3n de sus Instituciones que se encuentran en nuestro Poder y quienes fueron nombrados por la Excelent\u00edsima Presidenta de la Rep\u00fablica Iris Xiomara Castro Sarmiento durante la gesti\u00f3n de nuestro Gobierno 2022-2026 , los mismos son efectivos a partir del d\u00eda 27 de enero del 2026.<\/p>\n\n\n\n<p>Cualquier informaci\u00f3n referirse con el abogado Celso Alvarado o con Alejandra Mungu\u00eda para lo cual ellos estar\u00e1n listos para atenderles.<\/p>\n\n\n\n<p>Con atentos saludos, subray\u00f3 el aviso.<\/p>\n\n\n\n<p>Aclara que en el caso de las instituciones Descentralizadas y Desconcentradas, Comisiones Interventoras, Miembros de Juntas Directivas y Consejos de Administraci\u00f3n as\u00ed Como Presidentes y Directores ser\u00e1n entregados a partir de hoy, 14 de enero, con la misma modalidad y formalidad de entrega de documentos indicada anteriormente para Las Secretar\u00edas de Estado.<\/p>\n","protected":false},"excerpt":{"rendered":"<p>Los ministros, directores, gerentes y otros altos funcionarios del gobierno recibieron ayer sus acuerdos de cancelaci\u00f3n pasando a la vil llanura a partir del pr\u00f3ximo 27 de enero pr\u00f3ximo. \u00abBuenas tardes a todos los Secretarios de las Diferentes Secretar\u00edas de Estado, que ya est\u00e1n preparados los Acuerdos de Cancelaci\u00f3n de cada uno de los Titulares, [&hellip;]<\/p>\n","protected":false},"author":2,"featured_media":3368,"comment_status":"closed","ping_status":"open","sticky":false,"template":"","format":"standard","meta":{"_seopress_robots_primary_cat":"","_seopress_titles_title":"","_seopress_titles_desc":"","_seopress_robots_index":"","footnotes":""},"categories":[1],"tags":[],"class_list":["post-3367","post","type-post","status-publish","format-standard","has-post-thumbnail","hentry","category-sin-categoria"],"_links":{"self":[{"href":"https:\/\/girasolmultimedios.com\/portal\/wp-json\/wp\/v2\/posts\/3367","targetHints":{"allow":["GET"]}}],"collection":[{"href":"https:\/\/girasolmultimedios.com\/portal\/wp-json\/wp\/v2\/posts"}],"about":[{"href":"https:\/\/girasolmultimedios.com\/portal\/wp-json\/wp\/v2\/types\/post"}],"author":[{"embeddable":true,"href":"https:\/\/girasolmultimedios.com\/portal\/wp-json\/wp\/v2\/users\/2"}],"replies":[{"embeddable":true,"href":"https:\/\/girasolmultimedios.com\/portal\/wp-json\/wp\/v2\/comments?post=3367"}],"version-history":[{"count":1,"href":"https:\/\/girasolmultimedios.com\/portal\/wp-json\/wp\/v2\/posts\/3367\/revisions"}],"predecessor-version":[{"id":3369,"href":"https:\/\/girasolmultimedios.com\/portal\/wp-json\/wp\/v2\/posts\/3367\/revisions\/3369"}],"wp:featuredmedia":[{"embeddable":true,"href":"https:\/\/girasolmultimedios.com\/portal\/wp-json\/wp\/v2\/media\/3368"}],"wp:attachment":[{"href":"https:\/\/girasolmultimedios.com\/portal\/wp-json\/wp\/v2\/media?parent=3367"}],"wp:term":[{"taxonomy":"category","embeddable":true,"href":"https:\/\/girasolmultimedios.com\/portal\/wp-json\/wp\/v2\/categories?post=3367"},{"taxonomy":"post_tag","embeddable":true,"href":"https:\/\/girasolmultimedios.com\/portal\/wp-json\/wp\/v2\/tags?post=3367"}],"curies":[{"name":"wp","href":"https:\/\/api.w.org\/{rel}","templated":true}]}}