{"id":3379,"date":"2026-01-14T10:23:31","date_gmt":"2026-01-14T16:23:31","guid":{"rendered":"https:\/\/girasolmultimedios.com\/portal\/?p=3379"},"modified":"2026-01-14T10:23:31","modified_gmt":"2026-01-14T16:23:31","slug":"amdc-inicia-limpieza-del-historico-parque-la-concordia","status":"publish","type":"post","link":"https:\/\/girasolmultimedios.com\/portal\/amdc-inicia-limpieza-del-historico-parque-la-concordia\/","title":{"rendered":"AMDC inicia limpieza del hist\u00f3rico Parque La Concordia"},"content":{"rendered":"\n<p>Tras varios a\u00f1os de abandono e inseguridad, la\u00a0Alcald\u00eda Municipal del Distrito Central (AMDC)\u00a0inici\u00f3 operativos de limpieza en el hist\u00f3rico Parque La Concordia, que permanec\u00eda cubierto de desperdicios y en condiciones de deterioro.<\/p>\n\n\n\n<p>El parque, reconocido por su representaci\u00f3n de la cultura maya y su pir\u00e1mide central, muestra da\u00f1os visibles en puentes, estelas y senderos, los cuales quedaron expuestos tras la acumulaci\u00f3n de basura, ramas y hojas secas.<\/p>\n\n\n\n<p>Las labores de limpieza permitieron revelar grietas que afectan la estructura del lugar, que en el pasado fue un punto de recreaci\u00f3n muy visitado por los capitalinos.<\/p>\n\n\n\n<p>Durante la jornada, los equipos municipales retiraron grandes cantidades de desechos s\u00f3lidos y material vegetal, formando bolsas de basura que dejaron al descubierto el dise\u00f1o original del suelo del parque.<\/p>\n\n\n\n<p>No obstante, las autoridades se\u00f1alaron que a\u00fan queda mucho por recuperar, ya que el parque estuvo casi dos a\u00f1os en abandono y su muro perimetral permanece parcialmente derribado.<\/p>\n\n\n\n<p>El Parque La Concordia fue construido en 1883, durante la presidencia del general Luis Bogr\u00e1n Barahona, y adquiri\u00f3 su nombre en 1939 con la instalaci\u00f3n de las r\u00e9plicas mayas.<\/p>\n\n\n\n<p>La AMDC tambi\u00e9n ejecuta operativos de limpieza en otros sectores como la salida al oriente y la colonia San Juan de Dios, con el objetivo de devolver vida y seguridad a estos espacios p\u00fablicos.<\/p>\n","protected":false},"excerpt":{"rendered":"<p>Tras varios a\u00f1os de abandono e inseguridad, la\u00a0Alcald\u00eda Municipal del Distrito Central (AMDC)\u00a0inici\u00f3 operativos de limpieza en el hist\u00f3rico Parque La Concordia, que permanec\u00eda cubierto de desperdicios y en condiciones de deterioro. El parque, reconocido por su representaci\u00f3n de la cultura maya y su pir\u00e1mide central, muestra da\u00f1os visibles en puentes, estelas y senderos, los [&hellip;]<\/p>\n","protected":false},"author":2,"featured_media":3380,"comment_status":"closed","ping_status":"open","sticky":false,"template":"","format":"standard","meta":{"_seopress_robots_primary_cat":"","_seopress_titles_title":"","_seopress_titles_desc":"","_seopress_robots_index":"","footnotes":""},"categories":[1],"tags":[],"class_list":["post-3379","post","type-post","status-publish","format-standard","has-post-thumbnail","hentry","category-sin-categoria"],"_links":{"self":[{"href":"https:\/\/girasolmultimedios.com\/portal\/wp-json\/wp\/v2\/posts\/3379","targetHints":{"allow":["GET"]}}],"collection":[{"href":"https:\/\/girasolmultimedios.com\/portal\/wp-json\/wp\/v2\/posts"}],"about":[{"href":"https:\/\/girasolmultimedios.com\/portal\/wp-json\/wp\/v2\/types\/post"}],"author":[{"embeddable":true,"href":"https:\/\/girasolmultimedios.com\/portal\/wp-json\/wp\/v2\/users\/2"}],"replies":[{"embeddable":true,"href":"https:\/\/girasolmultimedios.com\/portal\/wp-json\/wp\/v2\/comments?post=3379"}],"version-history":[{"count":1,"href":"https:\/\/girasolmultimedios.com\/portal\/wp-json\/wp\/v2\/posts\/3379\/revisions"}],"predecessor-version":[{"id":3381,"href":"https:\/\/girasolmultimedios.com\/portal\/wp-json\/wp\/v2\/posts\/3379\/revisions\/3381"}],"wp:featuredmedia":[{"embeddable":true,"href":"https:\/\/girasolmultimedios.com\/portal\/wp-json\/wp\/v2\/media\/3380"}],"wp:attachment":[{"href":"https:\/\/girasolmultimedios.com\/portal\/wp-json\/wp\/v2\/media?parent=3379"}],"wp:term":[{"taxonomy":"category","embeddable":true,"href":"https:\/\/girasolmultimedios.com\/portal\/wp-json\/wp\/v2\/categories?post=3379"},{"taxonomy":"post_tag","embeddable":true,"href":"https:\/\/girasolmultimedios.com\/portal\/wp-json\/wp\/v2\/tags?post=3379"}],"curies":[{"name":"wp","href":"https:\/\/api.w.org\/{rel}","templated":true}]}}