{"id":3385,"date":"2026-01-15T09:59:03","date_gmt":"2026-01-15T15:59:03","guid":{"rendered":"https:\/\/girasolmultimedios.com\/portal\/?p=3385"},"modified":"2026-01-15T09:59:03","modified_gmt":"2026-01-15T15:59:03","slug":"tiktok-bloquea-cuenta-oficial-del-expresidente-juan-orlando-hernandez","status":"publish","type":"post","link":"https:\/\/girasolmultimedios.com\/portal\/tiktok-bloquea-cuenta-oficial-del-expresidente-juan-orlando-hernandez\/","title":{"rendered":"TikTok bloquea cuenta oficial del expresidente Juan Orlando Hern\u00e1ndez"},"content":{"rendered":"\n<p>La cuenta oficial de TikTok del expresidente de Honduras, Juan Orlando Hern\u00e1ndez, aparece actualmente como bloqueada en la plataforma, sin que hasta el momento se hayan dado a conocer de manera oficial las razones espec\u00edficas detr\u00e1s de esta medida adoptada por la red social.<\/p>\n\n\n\n<p>El exmandatario abri\u00f3 su cuenta en TikTok el pasado 5 de diciembre de 2025, pocos d\u00edas despu\u00e9s de recuperar su libertad gracias a un indulto presidencial otorgado por el presidente de Estados Unidos, Donald Trump, el 1 de diciembre de ese mismo a\u00f1o.<\/p>\n\n\n\n<p>Hern\u00e1ndez, quien hab\u00eda cumplido condena en una prisi\u00f3n federal estadounidense tras ser condenado en 2024 por delitos relacionados con narcotr\u00e1fico, public\u00f3 su primer video en la plataforma anunciando su regreso a la vida p\u00fablica y generando gran atenci\u00f3n medi\u00e1tica y en redes sociales.<\/p>\n\n\n\n<p>En cuesti\u00f3n de d\u00edas, la cuenta @juanorlandoha gan\u00f3 miles de seguidores, convirti\u00e9ndose en un espacio donde el expresidente compart\u00eda mensajes dirigidos al pueblo hondure\u00f1o, reflexiones personales y agradecimientos p\u00fablicos al presidente Trump por su decisi\u00f3n de indultarlo.<\/p>\n\n\n\n<p>Hasta la fecha, ni TikTok ni representantes del expresidente Hern\u00e1ndez han emitido un comunicado oficial explicando los motivos del bloqueo.<\/p>\n\n\n\n<p>Este hecho se produce en un contexto de alta polarizaci\u00f3n pol\u00edtica en Honduras y de intenso debate internacional sobre el indulto concedido a Hern\u00e1ndez, quien enfrenta una orden de captura internacional emitida por las autoridades hondure\u00f1as por diversos se\u00f1alamientos pendientes.<\/p>\n\n\n\n<p>Se espera que en las pr\u00f3ximas horas o d\u00edas se conozcan mayores detalles sobre las causas de esta restricci\u00f3n por parte de TikTok, as\u00ed como la posible respuesta del expresidente Hern\u00e1ndez o su equipo a trav\u00e9s de otras plataformas digitales.<\/p>\n","protected":false},"excerpt":{"rendered":"<p>La cuenta oficial de TikTok del expresidente de Honduras, Juan Orlando Hern\u00e1ndez, aparece actualmente como bloqueada en la plataforma, sin que hasta el momento se hayan dado a conocer de manera oficial las razones espec\u00edficas detr\u00e1s de esta medida adoptada por la red social. El exmandatario abri\u00f3 su cuenta en TikTok el pasado 5 de [&hellip;]<\/p>\n","protected":false},"author":2,"featured_media":3386,"comment_status":"closed","ping_status":"open","sticky":false,"template":"","format":"standard","meta":{"_seopress_robots_primary_cat":"","_seopress_titles_title":"","_seopress_titles_desc":"","_seopress_robots_index":"","footnotes":""},"categories":[1],"tags":[],"class_list":["post-3385","post","type-post","status-publish","format-standard","has-post-thumbnail","hentry","category-sin-categoria"],"_links":{"self":[{"href":"https:\/\/girasolmultimedios.com\/portal\/wp-json\/wp\/v2\/posts\/3385","targetHints":{"allow":["GET"]}}],"collection":[{"href":"https:\/\/girasolmultimedios.com\/portal\/wp-json\/wp\/v2\/posts"}],"about":[{"href":"https:\/\/girasolmultimedios.com\/portal\/wp-json\/wp\/v2\/types\/post"}],"author":[{"embeddable":true,"href":"https:\/\/girasolmultimedios.com\/portal\/wp-json\/wp\/v2\/users\/2"}],"replies":[{"embeddable":true,"href":"https:\/\/girasolmultimedios.com\/portal\/wp-json\/wp\/v2\/comments?post=3385"}],"version-history":[{"count":1,"href":"https:\/\/girasolmultimedios.com\/portal\/wp-json\/wp\/v2\/posts\/3385\/revisions"}],"predecessor-version":[{"id":3387,"href":"https:\/\/girasolmultimedios.com\/portal\/wp-json\/wp\/v2\/posts\/3385\/revisions\/3387"}],"wp:featuredmedia":[{"embeddable":true,"href":"https:\/\/girasolmultimedios.com\/portal\/wp-json\/wp\/v2\/media\/3386"}],"wp:attachment":[{"href":"https:\/\/girasolmultimedios.com\/portal\/wp-json\/wp\/v2\/media?parent=3385"}],"wp:term":[{"taxonomy":"category","embeddable":true,"href":"https:\/\/girasolmultimedios.com\/portal\/wp-json\/wp\/v2\/categories?post=3385"},{"taxonomy":"post_tag","embeddable":true,"href":"https:\/\/girasolmultimedios.com\/portal\/wp-json\/wp\/v2\/tags?post=3385"}],"curies":[{"name":"wp","href":"https:\/\/api.w.org\/{rel}","templated":true}]}}