{"id":3409,"date":"2026-01-15T10:20:04","date_gmt":"2026-01-15T16:20:04","guid":{"rendered":"https:\/\/girasolmultimedios.com\/portal\/?p=3409"},"modified":"2026-01-15T10:20:04","modified_gmt":"2026-01-15T16:20:04","slug":"nino-hondureno-en-cuarentena-presenta-signos-de-sarampion","status":"publish","type":"post","link":"https:\/\/girasolmultimedios.com\/portal\/nino-hondureno-en-cuarentena-presenta-signos-de-sarampion\/","title":{"rendered":"Ni\u00f1o hondure\u00f1o en cuarentena presenta signos de sarampi\u00f3n"},"content":{"rendered":"\n<p>Un menor hondure\u00f1o que forma parte del grupo de 90 personas en cuarentena por parte de la Secretar\u00eda de Salud (Sesal), por sospechas de sarampi\u00f3n, comenz\u00f3 a presentar tos y fiebre, que son unos de los s\u00edntomas de la enfermedad.<\/p>\n\n\n\n<p>El jefe de la Unidad de Vigilancia de Salud (UVS) de la Sesal, Lorenzo Pav\u00f3n, record\u00f3 que los pacientes en menci\u00f3n se mantienen bajo vigilancia epidemiol\u00f3gica, tras haber participado en diciembre, en un evento religioso en Guatemala, pa\u00eds donde ya se han confirmado varios contagios.<\/p>\n\n\n\n<p>Seg\u00fan explic\u00f3 Pav\u00f3n, se ha fortalecido el c\u00edrculo de la vigilancia epidemiol\u00f3gica alrededor de este paciente de unos 10 a\u00f1os de edad, que ya tiene tos.<\/p>\n\n\n\n<p>\u201cSe nos inform\u00f3 que \u00e9l est\u00e1 presentando tos, uno de los s\u00edntomas que son parte del sarampi\u00f3n; se ha ampliado la vigilancia epidemiol\u00f3gica, algo que ha cambiado mucho y fortalecido mucho\u201d, manifest\u00f3.<\/p>\n\n\n\n<h3 class=\"wp-block-heading\">EVALUAR\u00c1N EL CASO<\/h3>\n\n\n\n<p>\u201cTodos est\u00e1n bajo vigilancia en sus hogares, nos vamos a reunir con todo el equipo, hacer las evaluaciones y tomar las medidas necesarias y correspondientes de acuerdo a cu\u00e1l sea la situaci\u00f3n del paciente\u201d, indic\u00f3.<\/p>\n\n\n\n<p>En ese sentido, las autoridades se reunir\u00e1n para conocer el caso y verificar si el paciente desarrolla la enfermedad.<\/p>\n\n\n\n<p>Pav\u00f3n asegur\u00f3 que se est\u00e1n tomando todas las medidas, ya que Guatemala confirm\u00f3 seis casos y El Salvador uno.<\/p>\n\n\n\n<p>A\u00f1adi\u00f3 que al ni\u00f1o que presenta tos se le est\u00e1n realizando todas las atenciones recomendadas en el abordaje del sarampi\u00f3n.<\/p>\n\n\n\n<p>La Sesal activ\u00f3 medidas de alerta por el riesgo de introducci\u00f3n del sarampi\u00f3n, luego de brotes detectados en estos pa\u00edses.<\/p>\n","protected":false},"excerpt":{"rendered":"<p>Un menor hondure\u00f1o que forma parte del grupo de 90 personas en cuarentena por parte de la Secretar\u00eda de Salud (Sesal), por sospechas de sarampi\u00f3n, comenz\u00f3 a presentar tos y fiebre, que son unos de los s\u00edntomas de la enfermedad. El jefe de la Unidad de Vigilancia de Salud (UVS) de la Sesal, Lorenzo Pav\u00f3n, [&hellip;]<\/p>\n","protected":false},"author":2,"featured_media":3410,"comment_status":"closed","ping_status":"open","sticky":false,"template":"","format":"standard","meta":{"_seopress_robots_primary_cat":"","_seopress_titles_title":"","_seopress_titles_desc":"","_seopress_robots_index":"","footnotes":""},"categories":[1],"tags":[],"class_list":["post-3409","post","type-post","status-publish","format-standard","has-post-thumbnail","hentry","category-sin-categoria"],"_links":{"self":[{"href":"https:\/\/girasolmultimedios.com\/portal\/wp-json\/wp\/v2\/posts\/3409","targetHints":{"allow":["GET"]}}],"collection":[{"href":"https:\/\/girasolmultimedios.com\/portal\/wp-json\/wp\/v2\/posts"}],"about":[{"href":"https:\/\/girasolmultimedios.com\/portal\/wp-json\/wp\/v2\/types\/post"}],"author":[{"embeddable":true,"href":"https:\/\/girasolmultimedios.com\/portal\/wp-json\/wp\/v2\/users\/2"}],"replies":[{"embeddable":true,"href":"https:\/\/girasolmultimedios.com\/portal\/wp-json\/wp\/v2\/comments?post=3409"}],"version-history":[{"count":1,"href":"https:\/\/girasolmultimedios.com\/portal\/wp-json\/wp\/v2\/posts\/3409\/revisions"}],"predecessor-version":[{"id":3411,"href":"https:\/\/girasolmultimedios.com\/portal\/wp-json\/wp\/v2\/posts\/3409\/revisions\/3411"}],"wp:featuredmedia":[{"embeddable":true,"href":"https:\/\/girasolmultimedios.com\/portal\/wp-json\/wp\/v2\/media\/3410"}],"wp:attachment":[{"href":"https:\/\/girasolmultimedios.com\/portal\/wp-json\/wp\/v2\/media?parent=3409"}],"wp:term":[{"taxonomy":"category","embeddable":true,"href":"https:\/\/girasolmultimedios.com\/portal\/wp-json\/wp\/v2\/categories?post=3409"},{"taxonomy":"post_tag","embeddable":true,"href":"https:\/\/girasolmultimedios.com\/portal\/wp-json\/wp\/v2\/tags?post=3409"}],"curies":[{"name":"wp","href":"https:\/\/api.w.org\/{rel}","templated":true}]}}