{"id":3419,"date":"2026-01-16T09:58:27","date_gmt":"2026-01-16T15:58:27","guid":{"rendered":"https:\/\/girasolmultimedios.com\/portal\/?p=3419"},"modified":"2026-01-16T09:58:27","modified_gmt":"2026-01-16T15:58:27","slug":"se-registran-replicas-producto-de-sismo-de-magnitud-5-7-en-el-caribe-hondureno","status":"publish","type":"post","link":"https:\/\/girasolmultimedios.com\/portal\/se-registran-replicas-producto-de-sismo-de-magnitud-5-7-en-el-caribe-hondureno\/","title":{"rendered":"Se registran r\u00e9plicas producto de sismo de magnitud 5.7 en el Caribe hondure\u00f1o"},"content":{"rendered":"\n<p>La Secretar\u00eda de Estado en los Despacho de Gesti\u00f3n de Riesgos y Contingencias Nacionales (COPECO), dio a conocer que la ma\u00f1ana de este viernes se registr\u00f3 otras dos r\u00e9plicas a unos 6 y 9 kil\u00f3metros de Omoa, Cort\u00e9s; lo anterior producto del sismo de magnitud 5.7 registrado la en horas de la madrugada en el Caribe hondure\u00f1o.<\/p>\n\n\n\n<h3 class=\"wp-block-heading\"><strong>Recomendaciones ante sismos<\/strong><\/h3>\n\n\n\n<ul class=\"wp-block-list\">\n<li>Mant\u00e9n la calma y eval\u00faa tu entorno.<\/li>\n\n\n\n<li>Ag\u00e1chate, c\u00fabrete y suj\u00e9tate: busca debajo de muebles resistentes o junto a paredes interiores, lejos de ventanas y objetos que puedan caer.<\/li>\n\n\n\n<li>No corras hacia la salida ni utilices ascensores.<\/li>\n\n\n\n<li>Prot\u00e9gete la cabeza y el cuello con tus brazos o un objeto firme.<\/li>\n\n\n\n<li>Si est\u00e1s en la calle, al\u00e9jate de edificios, postes, cables y \u00e1rboles.<\/li>\n<\/ul>\n\n\n\n<h3 class=\"wp-block-heading\"><strong>Despu\u00e9s del sismo:<\/strong><\/h3>\n\n\n\n<ul class=\"wp-block-list\">\n<li>Revisa que t\u00fa y los que te rodean est\u00e9n bien.<\/li>\n\n\n\n<li>Evita encender fuego hasta descartar fugas de gas o da\u00f1os el\u00e9ctricos.<\/li>\n\n\n\n<li>Comprueba que no haya da\u00f1os estructurales graves antes de entrar a un edificio.<\/li>\n\n\n\n<li>Mantente atento a r\u00e9plicas, que pueden ser fuertes y peligrosas.<\/li>\n\n\n\n<li>Escucha informaci\u00f3n oficial de autoridades y medios confiables.<\/li>\n<\/ul>\n","protected":false},"excerpt":{"rendered":"<p>La Secretar\u00eda de Estado en los Despacho de Gesti\u00f3n de Riesgos y Contingencias Nacionales (COPECO), dio a conocer que la ma\u00f1ana de este viernes se registr\u00f3 otras dos r\u00e9plicas a unos 6 y 9 kil\u00f3metros de Omoa, Cort\u00e9s; lo anterior producto del sismo de magnitud 5.7 registrado la en horas de la madrugada en el [&hellip;]<\/p>\n","protected":false},"author":2,"featured_media":3420,"comment_status":"closed","ping_status":"open","sticky":false,"template":"","format":"standard","meta":{"_seopress_robots_primary_cat":"","_seopress_titles_title":"","_seopress_titles_desc":"","_seopress_robots_index":"","footnotes":""},"categories":[1],"tags":[],"class_list":["post-3419","post","type-post","status-publish","format-standard","has-post-thumbnail","hentry","category-sin-categoria"],"_links":{"self":[{"href":"https:\/\/girasolmultimedios.com\/portal\/wp-json\/wp\/v2\/posts\/3419","targetHints":{"allow":["GET"]}}],"collection":[{"href":"https:\/\/girasolmultimedios.com\/portal\/wp-json\/wp\/v2\/posts"}],"about":[{"href":"https:\/\/girasolmultimedios.com\/portal\/wp-json\/wp\/v2\/types\/post"}],"author":[{"embeddable":true,"href":"https:\/\/girasolmultimedios.com\/portal\/wp-json\/wp\/v2\/users\/2"}],"replies":[{"embeddable":true,"href":"https:\/\/girasolmultimedios.com\/portal\/wp-json\/wp\/v2\/comments?post=3419"}],"version-history":[{"count":1,"href":"https:\/\/girasolmultimedios.com\/portal\/wp-json\/wp\/v2\/posts\/3419\/revisions"}],"predecessor-version":[{"id":3421,"href":"https:\/\/girasolmultimedios.com\/portal\/wp-json\/wp\/v2\/posts\/3419\/revisions\/3421"}],"wp:featuredmedia":[{"embeddable":true,"href":"https:\/\/girasolmultimedios.com\/portal\/wp-json\/wp\/v2\/media\/3420"}],"wp:attachment":[{"href":"https:\/\/girasolmultimedios.com\/portal\/wp-json\/wp\/v2\/media?parent=3419"}],"wp:term":[{"taxonomy":"category","embeddable":true,"href":"https:\/\/girasolmultimedios.com\/portal\/wp-json\/wp\/v2\/categories?post=3419"},{"taxonomy":"post_tag","embeddable":true,"href":"https:\/\/girasolmultimedios.com\/portal\/wp-json\/wp\/v2\/tags?post=3419"}],"curies":[{"name":"wp","href":"https:\/\/api.w.org\/{rel}","templated":true}]}}