{"id":3422,"date":"2026-01-16T10:01:52","date_gmt":"2026-01-16T16:01:52","guid":{"rendered":"https:\/\/girasolmultimedios.com\/portal\/?p=3422"},"modified":"2026-01-16T10:01:53","modified_gmt":"2026-01-16T16:01:53","slug":"lissi-cano-impulsa-consenso-para-un-congreso-integrado","status":"publish","type":"post","link":"https:\/\/girasolmultimedios.com\/portal\/lissi-cano-impulsa-consenso-para-un-congreso-integrado\/","title":{"rendered":"Lissi Cano impulsa consenso para un Congreso integrado"},"content":{"rendered":"\n<p>La diputada del\u00a0Partido Nacional, Lissi Cano, afirm\u00f3 que Honduras necesita un trabajo conjunto entre el Ejecutivo y el Legislativo para avanzar en el plan del presidente electo, Nasry Asfura, de sacar al pa\u00eds de la multicrisis que enfrenta.<\/p>\n\n\n\n<p>En ese contexto, se\u00f1al\u00f3 que el Congreso Nacional debe caminar de la mano del Ejecutivo, con Tom\u00e1s Zambrano en la presidencia del Legislativo, sin que ello impida el di\u00e1logo para conformar un Congreso integrado.<\/p>\n\n\n\n<p>Cano explic\u00f3 que una directiva plural permitir\u00e1 construir los consensos que el pa\u00eds requiere para generar empleo, desarrollo y mejores condiciones de vida para las familias hondure\u00f1as, tal como lo expres\u00f3 la ciudadan\u00eda en las urnas el pasado 30 de noviembre.<\/p>\n\n\n\n<p>La diputada integra la comisi\u00f3n especial del Partido Nacional encargada de dialogar sobre la elecci\u00f3n de la junta directiva del Congreso Nacional, junto a Mar\u00eda Antonieta Mej\u00eda, Juan Diego Zelaya, Mario P\u00e9rez, Kilvett Bertrand, Johana Berm\u00fadez, Nelson M\u00e1rquez y Juan Carlos Garc\u00eda.<\/p>\n\n\n\n<p>\u201cEse objetivo pasa por la construcci\u00f3n de consensos que los pol\u00edticos, con madurez c\u00edvica y pol\u00edtica, debemos impulsar\u201d, concluy\u00f3.<\/p>\n","protected":false},"excerpt":{"rendered":"<p>La diputada del\u00a0Partido Nacional, Lissi Cano, afirm\u00f3 que Honduras necesita un trabajo conjunto entre el Ejecutivo y el Legislativo para avanzar en el plan del presidente electo, Nasry Asfura, de sacar al pa\u00eds de la multicrisis que enfrenta. En ese contexto, se\u00f1al\u00f3 que el Congreso Nacional debe caminar de la mano del Ejecutivo, con Tom\u00e1s [&hellip;]<\/p>\n","protected":false},"author":2,"featured_media":3423,"comment_status":"closed","ping_status":"open","sticky":false,"template":"","format":"standard","meta":{"_seopress_robots_primary_cat":"","_seopress_titles_title":"","_seopress_titles_desc":"","_seopress_robots_index":"","footnotes":""},"categories":[1],"tags":[],"class_list":["post-3422","post","type-post","status-publish","format-standard","has-post-thumbnail","hentry","category-sin-categoria"],"_links":{"self":[{"href":"https:\/\/girasolmultimedios.com\/portal\/wp-json\/wp\/v2\/posts\/3422","targetHints":{"allow":["GET"]}}],"collection":[{"href":"https:\/\/girasolmultimedios.com\/portal\/wp-json\/wp\/v2\/posts"}],"about":[{"href":"https:\/\/girasolmultimedios.com\/portal\/wp-json\/wp\/v2\/types\/post"}],"author":[{"embeddable":true,"href":"https:\/\/girasolmultimedios.com\/portal\/wp-json\/wp\/v2\/users\/2"}],"replies":[{"embeddable":true,"href":"https:\/\/girasolmultimedios.com\/portal\/wp-json\/wp\/v2\/comments?post=3422"}],"version-history":[{"count":1,"href":"https:\/\/girasolmultimedios.com\/portal\/wp-json\/wp\/v2\/posts\/3422\/revisions"}],"predecessor-version":[{"id":3424,"href":"https:\/\/girasolmultimedios.com\/portal\/wp-json\/wp\/v2\/posts\/3422\/revisions\/3424"}],"wp:featuredmedia":[{"embeddable":true,"href":"https:\/\/girasolmultimedios.com\/portal\/wp-json\/wp\/v2\/media\/3423"}],"wp:attachment":[{"href":"https:\/\/girasolmultimedios.com\/portal\/wp-json\/wp\/v2\/media?parent=3422"}],"wp:term":[{"taxonomy":"category","embeddable":true,"href":"https:\/\/girasolmultimedios.com\/portal\/wp-json\/wp\/v2\/categories?post=3422"},{"taxonomy":"post_tag","embeddable":true,"href":"https:\/\/girasolmultimedios.com\/portal\/wp-json\/wp\/v2\/tags?post=3422"}],"curies":[{"name":"wp","href":"https:\/\/api.w.org\/{rel}","templated":true}]}}