{"id":3428,"date":"2026-01-16T10:09:08","date_gmt":"2026-01-16T16:09:08","guid":{"rendered":"https:\/\/girasolmultimedios.com\/portal\/?p=3428"},"modified":"2026-01-16T10:09:08","modified_gmt":"2026-01-16T16:09:08","slug":"expresidente-surcoreano-condenado-a-5-anos-en-primer-fallo-por-ley-marcial","status":"publish","type":"post","link":"https:\/\/girasolmultimedios.com\/portal\/expresidente-surcoreano-condenado-a-5-anos-en-primer-fallo-por-ley-marcial\/","title":{"rendered":"Expresidente surcoreano condenado a 5 a\u00f1os en primer fallo por ley marcial"},"content":{"rendered":"\n<p>El expresidente de Corea del Sur Yoon Suk-yeol fue condenado este viernes a cinco a\u00f1os de prisi\u00f3n por obstrucci\u00f3n a la justicia, en el primer veredicto de los m\u00faltiples juicios en curso por su fallida imposici\u00f3n de la ley marcial en diciembre de 2024, incluido uno por cargos de insurrecci\u00f3n en el que podr\u00eda ser sentenciado a pena de muerte.<\/p>\n\n\n\n<p>El Tribunal del Distrito Central de Se\u00fal consider\u00f3 culpable a Yoon de obstaculizar los intentos de arresto y destruir pruebas, al tiempo que se\u00f1al\u00f3 que la gravedad de los delitos es \u00abmuy elevada\u00bb y que el acusado en ning\u00fan momento mostr\u00f3 gestos de arrepentimiento.<\/p>\n\n\n\n<p>La sentencia es menor que la pedida por la Fiscal\u00eda, que reclamaba diez a\u00f1os de prisi\u00f3n.<\/p>\n\n\n\n<p>En una decisi\u00f3n televisada en directo por medios locales, el tribunal afirm\u00f3 adem\u00e1s que Yoon vulner\u00f3 el derecho de deliberaci\u00f3n de varios ministros, al no notificarles la convocatoria a una reuni\u00f3n previa a la declaraci\u00f3n de la ley marcial. El exmandatario \u00fanicamente convoc\u00f3 a los ministros considerados leales a su causa, en un encuentro que dur\u00f3 menos de cinco minutos.<\/p>\n\n\n\n<p>El juez tambi\u00e9n se\u00f1al\u00f3 que la proclamaci\u00f3n del estado de emergencia firmado por Yoon constituye la falsificaci\u00f3n de un documento p\u00fablico, y conden\u00f3 al expresidente por \u00abmilitarizar\u00bb al Servicio de Seguridad Presidencial en la obstrucci\u00f3n del intento de arresto en su contra del 3 de enero.<\/p>\n\n\n\n<p>Sin embargo, fue absuelto del cargo de una supuesta orden de difundir informaci\u00f3n falsa a la prensa extranjera.<\/p>\n\n\n\n<p>Yoon impuso la ley marcial el 3 de diciembre de 2024 con la justificaci\u00f3n de proteger al pueblo de \u00abfuerzas antiestatales\u00bb, en una medida que fue revocada apenas horas despu\u00e9s por el Parlamento entre protestas masivas. Yoon fue destituido en abril de 2025, tras lo cual se celebraron elecciones presidenciales en junio.<\/p>\n\n\n\n<p>El expresidente actualmente se enfrenta a otros siete juicios separados, incluido uno por insurrecci\u00f3n en el que podr\u00eda ser condenado a pena de muerte, tras la reciente petici\u00f3n de tal castigo por la fiscal\u00eda.<\/p>\n\n\n\n<p>La sentencia del caso por insurrecci\u00f3n se dar\u00e1 a conocer el 19 de febrero; sin embargo, de ser condenado a pena de muerte, es poco probable que se ejecute el castigo, ya que existe una moratoria de las ejecuciones en el pa\u00eds desde hace casi 40 a\u00f1os.&nbsp;<\/p>\n","protected":false},"excerpt":{"rendered":"<p>El expresidente de Corea del Sur Yoon Suk-yeol fue condenado este viernes a cinco a\u00f1os de prisi\u00f3n por obstrucci\u00f3n a la justicia, en el primer veredicto de los m\u00faltiples juicios en curso por su fallida imposici\u00f3n de la ley marcial en diciembre de 2024, incluido uno por cargos de insurrecci\u00f3n en el que podr\u00eda ser [&hellip;]<\/p>\n","protected":false},"author":2,"featured_media":3429,"comment_status":"closed","ping_status":"open","sticky":false,"template":"","format":"standard","meta":{"_seopress_robots_primary_cat":"","_seopress_titles_title":"","_seopress_titles_desc":"","_seopress_robots_index":"","footnotes":""},"categories":[1],"tags":[],"class_list":["post-3428","post","type-post","status-publish","format-standard","has-post-thumbnail","hentry","category-sin-categoria"],"_links":{"self":[{"href":"https:\/\/girasolmultimedios.com\/portal\/wp-json\/wp\/v2\/posts\/3428","targetHints":{"allow":["GET"]}}],"collection":[{"href":"https:\/\/girasolmultimedios.com\/portal\/wp-json\/wp\/v2\/posts"}],"about":[{"href":"https:\/\/girasolmultimedios.com\/portal\/wp-json\/wp\/v2\/types\/post"}],"author":[{"embeddable":true,"href":"https:\/\/girasolmultimedios.com\/portal\/wp-json\/wp\/v2\/users\/2"}],"replies":[{"embeddable":true,"href":"https:\/\/girasolmultimedios.com\/portal\/wp-json\/wp\/v2\/comments?post=3428"}],"version-history":[{"count":1,"href":"https:\/\/girasolmultimedios.com\/portal\/wp-json\/wp\/v2\/posts\/3428\/revisions"}],"predecessor-version":[{"id":3430,"href":"https:\/\/girasolmultimedios.com\/portal\/wp-json\/wp\/v2\/posts\/3428\/revisions\/3430"}],"wp:featuredmedia":[{"embeddable":true,"href":"https:\/\/girasolmultimedios.com\/portal\/wp-json\/wp\/v2\/media\/3429"}],"wp:attachment":[{"href":"https:\/\/girasolmultimedios.com\/portal\/wp-json\/wp\/v2\/media?parent=3428"}],"wp:term":[{"taxonomy":"category","embeddable":true,"href":"https:\/\/girasolmultimedios.com\/portal\/wp-json\/wp\/v2\/categories?post=3428"},{"taxonomy":"post_tag","embeddable":true,"href":"https:\/\/girasolmultimedios.com\/portal\/wp-json\/wp\/v2\/tags?post=3428"}],"curies":[{"name":"wp","href":"https:\/\/api.w.org\/{rel}","templated":true}]}}