{"id":3431,"date":"2026-01-16T10:11:50","date_gmt":"2026-01-16T16:11:50","guid":{"rendered":"https:\/\/girasolmultimedios.com\/portal\/?p=3431"},"modified":"2026-01-16T10:11:51","modified_gmt":"2026-01-16T16:11:51","slug":"el-mercosur-y-la-ue-firmaran-este-sabado-su-ansiado-acuerdo-comercial","status":"publish","type":"post","link":"https:\/\/girasolmultimedios.com\/portal\/el-mercosur-y-la-ue-firmaran-este-sabado-su-ansiado-acuerdo-comercial\/","title":{"rendered":"El Mercosur y la UE firmar\u00e1n este s\u00e1bado su ansiado acuerdo comercial"},"content":{"rendered":"\n<p>Los pa\u00edses del Mercosur (Argentina, Brasil, Paraguay y Uruguay) y la Uni\u00f3n Europea firman este s\u00e1bado, en Asunci\u00f3n, su esperado acuerdo de libre comercio, en un momento de creciente proteccionismo global y tensiones geopol\u00edticas.<\/p>\n\n\n\n<p>Despu\u00e9s de 26 a\u00f1os de negociaciones, los representantes de ambos bloques estampar\u00e1n sus firmas en el Gran Teatro Jos\u00e9 Asunci\u00f3n Flores del Banco Central de Paraguay, un lugar cargado de simbolismo, pues fue ah\u00ed donde se puso en marcha el Mercosur, en 1991.<\/p>\n\n\n\n<p>La guerra comercial desatada por el presidente de Estados Unidos, Donald Trump, la cada vez mayor dependencia de China y las tensiones geopol\u00edticas, con la guerra en Ucrania y la crisis en Oriente Medio a\u00fan vigentes, han empujado a ambas partes a superar sus hist\u00f3ricas diferencias y sellar un acuerdo tan celebrado como denostado.<\/p>\n\n\n\n<h2 class=\"wp-block-heading\"><strong>Una ausencia sorprendente<\/strong><\/h2>\n\n\n\n<p>La ceremonia comenzar\u00e1 a partir de las 12.00 hora local (15.00 GMT). El anfitri\u00f3n de la cita ser\u00e1 el mandatario paraguayo, Santiago Pe\u00f1a, cuyo pa\u00eds ejerce la presidencia rotativa del Mercosur.<\/p>\n\n\n\n<p>La delegaci\u00f3n europea estar\u00e1 encabezada por la presidenta de la Comisi\u00f3n Europea, Ursula von der Leyen.<\/p>\n\n\n\n<p>Seg\u00fan fuentes oficiales paraguayas, tambi\u00e9n est\u00e1n confirmadas la presencia de los l\u00edderes de Argentina, Javier Milei; de Uruguay, Yamand\u00fa Orsi; de Panam\u00e1, Jos\u00e9 Ra\u00fal Mulino; y de Bolivia, Rodrigo Paz.<\/p>\n\n\n\n<p>Panam\u00e1 ingres\u00f3 recientemente al Mercosur como Estado asociado y Bolivia est\u00e1 en el proceso final de su adhesi\u00f3n como miembro pleno del grupo suramericano.<\/p>\n\n\n\n<p>De esta forma, salvo un cambio de \u00faltima hora, el brasile\u00f1o Luiz In\u00e1cio Lula da Silva, uno de los grandes valedores del pacto, ser\u00e1 el \u00fanico ausente entre los presidentes de los pa\u00edses fundadores del Mercosur.<\/p>\n\n\n\n<p>Fuentes oficiales brasile\u00f1as afirmaron a EFE que, en principio, al acto solo estaban convocados los ministros de Exteriores del Mercosur, quienes firmar\u00e1n el tratado en representaci\u00f3n del foro suramericano.<\/p>\n\n\n\n<p>Sin embargo, al tratarse de un evento hist\u00f3rico, Paraguay decidi\u00f3 posteriormente invitar a los mandatarios de los pa\u00edses miembros.<\/p>\n\n\n\n<p>Las citadas fuentes niegan que la ausencia de Lula se deba a sus diferencias ideol\u00f3gicas con alguno de sus pares y la atribuyen a problemas de agenda.<\/p>\n","protected":false},"excerpt":{"rendered":"<p>Los pa\u00edses del Mercosur (Argentina, Brasil, Paraguay y Uruguay) y la Uni\u00f3n Europea firman este s\u00e1bado, en Asunci\u00f3n, su esperado acuerdo de libre comercio, en un momento de creciente proteccionismo global y tensiones geopol\u00edticas. Despu\u00e9s de 26 a\u00f1os de negociaciones, los representantes de ambos bloques estampar\u00e1n sus firmas en el Gran Teatro Jos\u00e9 Asunci\u00f3n Flores [&hellip;]<\/p>\n","protected":false},"author":2,"featured_media":3432,"comment_status":"closed","ping_status":"open","sticky":false,"template":"","format":"standard","meta":{"_seopress_robots_primary_cat":"","_seopress_titles_title":"","_seopress_titles_desc":"","_seopress_robots_index":"","footnotes":""},"categories":[1],"tags":[],"class_list":["post-3431","post","type-post","status-publish","format-standard","has-post-thumbnail","hentry","category-sin-categoria"],"_links":{"self":[{"href":"https:\/\/girasolmultimedios.com\/portal\/wp-json\/wp\/v2\/posts\/3431","targetHints":{"allow":["GET"]}}],"collection":[{"href":"https:\/\/girasolmultimedios.com\/portal\/wp-json\/wp\/v2\/posts"}],"about":[{"href":"https:\/\/girasolmultimedios.com\/portal\/wp-json\/wp\/v2\/types\/post"}],"author":[{"embeddable":true,"href":"https:\/\/girasolmultimedios.com\/portal\/wp-json\/wp\/v2\/users\/2"}],"replies":[{"embeddable":true,"href":"https:\/\/girasolmultimedios.com\/portal\/wp-json\/wp\/v2\/comments?post=3431"}],"version-history":[{"count":1,"href":"https:\/\/girasolmultimedios.com\/portal\/wp-json\/wp\/v2\/posts\/3431\/revisions"}],"predecessor-version":[{"id":3433,"href":"https:\/\/girasolmultimedios.com\/portal\/wp-json\/wp\/v2\/posts\/3431\/revisions\/3433"}],"wp:featuredmedia":[{"embeddable":true,"href":"https:\/\/girasolmultimedios.com\/portal\/wp-json\/wp\/v2\/media\/3432"}],"wp:attachment":[{"href":"https:\/\/girasolmultimedios.com\/portal\/wp-json\/wp\/v2\/media?parent=3431"}],"wp:term":[{"taxonomy":"category","embeddable":true,"href":"https:\/\/girasolmultimedios.com\/portal\/wp-json\/wp\/v2\/categories?post=3431"},{"taxonomy":"post_tag","embeddable":true,"href":"https:\/\/girasolmultimedios.com\/portal\/wp-json\/wp\/v2\/tags?post=3431"}],"curies":[{"name":"wp","href":"https:\/\/api.w.org\/{rel}","templated":true}]}}