{"id":3434,"date":"2026-01-16T10:13:58","date_gmt":"2026-01-16T16:13:58","guid":{"rendered":"https:\/\/girasolmultimedios.com\/portal\/?p=3434"},"modified":"2026-01-16T10:13:58","modified_gmt":"2026-01-16T16:13:58","slug":"personal-del-ihss-danli-se-declara-en-brazos-caidos-por-falta-de-pago","status":"publish","type":"post","link":"https:\/\/girasolmultimedios.com\/portal\/personal-del-ihss-danli-se-declara-en-brazos-caidos-por-falta-de-pago\/","title":{"rendered":"Personal del IHSS Danl\u00ed se declara en brazos ca\u00eddos por falta de pago"},"content":{"rendered":"\n<p>Enfermeras y m\u00e9dicos del Instituto Hondure\u00f1o de Seguridad Social (IHSS) en Danl\u00ed, El Para\u00edso, se declararon en brazos ca\u00eddos ante la falta de pago de salarios que se les adeudan desde hace seis hasta ocho meses, situaci\u00f3n que atribuyen a las autoridades del Gobierno de Xiomara de Zelaya.<\/p>\n\n\n\n<p>El personal de salud pidi\u00f3 disculpas a la poblaci\u00f3n por la suspensi\u00f3n de labores, pero asegur\u00f3 que la falta de ingresos los oblig\u00f3 a tomar esta medida de presi\u00f3n, ya que nadie puede trabajar sin recibir su salario.<\/p>\n\n\n\n<p>Una de las enfermeras explic\u00f3 que al personal de enfermer\u00eda se le deben seis meses de sueldo y a los m\u00e9dicos hasta ocho meses.<\/p>\n\n\n\n<p>Los manifestantes indicaron que en el centro asistencial m\u00e1s de 10 enfermeras y enfermeros permanecen sin recibir pago, al igual que varios m\u00e9dicos.<\/p>\n\n\n\n<p>Aclararon que el problema no recae en la directora del establecimiento, quien tampoco ha recibido su salario, lo que ha impedido que se realicen los desembolsos correspondientes.<\/p>\n\n\n\n<p>Asimismo, denunciaron que los enfermeros descentralizados enfrentan una situaci\u00f3n similar, ya que se les adeuda el salario del mes de diciembre y el pago de los aguinaldos.<\/p>\n\n\n\n<p>Por \u00faltimo, personal del IHSS exigieron al Gobierno una respuesta inmediata para resolver la crisis salarial que afecta al sistema de salud, uno de los sectores que m\u00e1s protestas ha protagonizado durante la actual administraci\u00f3n y la gesti\u00f3n de la ministra de Salud, Carla Paredes.<\/p>\n","protected":false},"excerpt":{"rendered":"<p>Enfermeras y m\u00e9dicos del Instituto Hondure\u00f1o de Seguridad Social (IHSS) en Danl\u00ed, El Para\u00edso, se declararon en brazos ca\u00eddos ante la falta de pago de salarios que se les adeudan desde hace seis hasta ocho meses, situaci\u00f3n que atribuyen a las autoridades del Gobierno de Xiomara de Zelaya. El personal de salud pidi\u00f3 disculpas a [&hellip;]<\/p>\n","protected":false},"author":2,"featured_media":3435,"comment_status":"closed","ping_status":"open","sticky":false,"template":"","format":"standard","meta":{"_seopress_robots_primary_cat":"","_seopress_titles_title":"","_seopress_titles_desc":"","_seopress_robots_index":"","footnotes":""},"categories":[1],"tags":[],"class_list":["post-3434","post","type-post","status-publish","format-standard","has-post-thumbnail","hentry","category-sin-categoria"],"_links":{"self":[{"href":"https:\/\/girasolmultimedios.com\/portal\/wp-json\/wp\/v2\/posts\/3434","targetHints":{"allow":["GET"]}}],"collection":[{"href":"https:\/\/girasolmultimedios.com\/portal\/wp-json\/wp\/v2\/posts"}],"about":[{"href":"https:\/\/girasolmultimedios.com\/portal\/wp-json\/wp\/v2\/types\/post"}],"author":[{"embeddable":true,"href":"https:\/\/girasolmultimedios.com\/portal\/wp-json\/wp\/v2\/users\/2"}],"replies":[{"embeddable":true,"href":"https:\/\/girasolmultimedios.com\/portal\/wp-json\/wp\/v2\/comments?post=3434"}],"version-history":[{"count":1,"href":"https:\/\/girasolmultimedios.com\/portal\/wp-json\/wp\/v2\/posts\/3434\/revisions"}],"predecessor-version":[{"id":3436,"href":"https:\/\/girasolmultimedios.com\/portal\/wp-json\/wp\/v2\/posts\/3434\/revisions\/3436"}],"wp:featuredmedia":[{"embeddable":true,"href":"https:\/\/girasolmultimedios.com\/portal\/wp-json\/wp\/v2\/media\/3435"}],"wp:attachment":[{"href":"https:\/\/girasolmultimedios.com\/portal\/wp-json\/wp\/v2\/media?parent=3434"}],"wp:term":[{"taxonomy":"category","embeddable":true,"href":"https:\/\/girasolmultimedios.com\/portal\/wp-json\/wp\/v2\/categories?post=3434"},{"taxonomy":"post_tag","embeddable":true,"href":"https:\/\/girasolmultimedios.com\/portal\/wp-json\/wp\/v2\/tags?post=3434"}],"curies":[{"name":"wp","href":"https:\/\/api.w.org\/{rel}","templated":true}]}}