{"id":3437,"date":"2026-01-16T10:17:52","date_gmt":"2026-01-16T16:17:52","guid":{"rendered":"https:\/\/girasolmultimedios.com\/portal\/?p=3437"},"modified":"2026-01-16T10:17:52","modified_gmt":"2026-01-16T16:17:52","slug":"malestar-por-nuevo-plan-de-estudio-en-carrera-de-derecho","status":"publish","type":"post","link":"https:\/\/girasolmultimedios.com\/portal\/malestar-por-nuevo-plan-de-estudio-en-carrera-de-derecho\/","title":{"rendered":"Malestar por nuevo plan de estudio en carrera de Derecho"},"content":{"rendered":"\n<p>El inicio de un nuevo proceso acad\u00e9mico en la Universidad Nacional Aut\u00f3noma de Honduras (UNAH) ha encendido el debate entre los estudiantes de la carrera de Derecho, quienes expresan inquietud por la implementaci\u00f3n del nuevo plan de estudios 2025.<\/p>\n\n\n\n<p>La reforma curricular, dise\u00f1ada para modernizar la formaci\u00f3n jur\u00eddica y orientarla hacia un perfil m\u00e1s competitivo, anal\u00edtico y acorde a las exigencias actuales del mercado profesional, ha generado preocupaci\u00f3n entre el estudiantado, especialmente entre quienes ya avanzaban bajo el plan anterior.<\/p>\n\n\n\n<p>Uno de los principales temores gira en torno al proceso de transici\u00f3n entre ambos planes, las equivalencias de asignaturas y el posible impacto en el tiempo de duraci\u00f3n de la carrera para los estudiantes antiguos.<\/p>\n\n\n\n<p>Ante este escenario, la Facultad de Ciencias Jur\u00eddicas ha iniciado jornadas de socializaci\u00f3n y ha habilitado espacios de orientaci\u00f3n personalizada, con el objetivo de explicar los cambios curriculares y los mecanismos de adaptaci\u00f3n al nuevo esquema acad\u00e9mico.<\/p>\n\n\n\n<p>Seg\u00fan informaci\u00f3n brindada por la facultad, el Plan de Estudios 2025 se aplicar\u00e1 oficialmente a partir del primer periodo acad\u00e9mico de 2026, lo que ha motivado reuniones informativas con estudiantes para despejar dudas y atender casos particulares.<\/p>\n\n\n\n<p>Sin embargo, desde el estudiantado persisten cuestionamientos. El alumno Abraham Ponce se\u00f1al\u00f3 que el plan fue aprobado hace m\u00e1s de una d\u00e9cada, pero comenz\u00f3 a aplicarse recientemente sin un proceso previo de socializaci\u00f3n adecuado.<\/p>\n\n\n\n<p>Ponce asegur\u00f3 que, aunque inicialmente se les inform\u00f3 que la adopci\u00f3n del nuevo plan ser\u00eda opcional, actualmente muchos estudiantes est\u00e1n siendo obligados a matricular asignaturas del esquema actualizado, sin haber dado su consentimiento para ese cambio.<\/p>\n\n\n\n<p>De acuerdo con sus declaraciones, esta situaci\u00f3n ha provocado retrasos acad\u00e9micos significativos. Estima que m\u00e1s de 300 estudiantes se han visto directamente afectados, mientras que otros 2,000 enfrentan consecuencias de forma indirecta dentro de la carrera.<\/p>\n\n\n\n<p>El estudiante tambi\u00e9n advirti\u00f3 que la extensi\u00f3n de la malla curricular, que supera las 60 asignaturas, podr\u00eda alargar el tiempo necesario para completar la carrera de Derecho, generando mayor incertidumbre entre quienes ya hab\u00edan planificado su egreso.<\/p>\n","protected":false},"excerpt":{"rendered":"<p>El inicio de un nuevo proceso acad\u00e9mico en la Universidad Nacional Aut\u00f3noma de Honduras (UNAH) ha encendido el debate entre los estudiantes de la carrera de Derecho, quienes expresan inquietud por la implementaci\u00f3n del nuevo plan de estudios 2025. La reforma curricular, dise\u00f1ada para modernizar la formaci\u00f3n jur\u00eddica y orientarla hacia un perfil m\u00e1s competitivo, [&hellip;]<\/p>\n","protected":false},"author":2,"featured_media":3438,"comment_status":"closed","ping_status":"open","sticky":false,"template":"","format":"standard","meta":{"_seopress_robots_primary_cat":"","_seopress_titles_title":"","_seopress_titles_desc":"","_seopress_robots_index":"","footnotes":""},"categories":[1],"tags":[],"class_list":["post-3437","post","type-post","status-publish","format-standard","has-post-thumbnail","hentry","category-sin-categoria"],"_links":{"self":[{"href":"https:\/\/girasolmultimedios.com\/portal\/wp-json\/wp\/v2\/posts\/3437","targetHints":{"allow":["GET"]}}],"collection":[{"href":"https:\/\/girasolmultimedios.com\/portal\/wp-json\/wp\/v2\/posts"}],"about":[{"href":"https:\/\/girasolmultimedios.com\/portal\/wp-json\/wp\/v2\/types\/post"}],"author":[{"embeddable":true,"href":"https:\/\/girasolmultimedios.com\/portal\/wp-json\/wp\/v2\/users\/2"}],"replies":[{"embeddable":true,"href":"https:\/\/girasolmultimedios.com\/portal\/wp-json\/wp\/v2\/comments?post=3437"}],"version-history":[{"count":1,"href":"https:\/\/girasolmultimedios.com\/portal\/wp-json\/wp\/v2\/posts\/3437\/revisions"}],"predecessor-version":[{"id":3439,"href":"https:\/\/girasolmultimedios.com\/portal\/wp-json\/wp\/v2\/posts\/3437\/revisions\/3439"}],"wp:featuredmedia":[{"embeddable":true,"href":"https:\/\/girasolmultimedios.com\/portal\/wp-json\/wp\/v2\/media\/3438"}],"wp:attachment":[{"href":"https:\/\/girasolmultimedios.com\/portal\/wp-json\/wp\/v2\/media?parent=3437"}],"wp:term":[{"taxonomy":"category","embeddable":true,"href":"https:\/\/girasolmultimedios.com\/portal\/wp-json\/wp\/v2\/categories?post=3437"},{"taxonomy":"post_tag","embeddable":true,"href":"https:\/\/girasolmultimedios.com\/portal\/wp-json\/wp\/v2\/tags?post=3437"}],"curies":[{"name":"wp","href":"https:\/\/api.w.org\/{rel}","templated":true}]}}