{"id":3440,"date":"2026-01-16T10:20:57","date_gmt":"2026-01-16T16:20:57","guid":{"rendered":"https:\/\/girasolmultimedios.com\/portal\/?p=3440"},"modified":"2026-01-16T10:20:57","modified_gmt":"2026-01-16T16:20:57","slug":"abogados-del-inp-revisan-expedientes-de-mas-de-mil-reos","status":"publish","type":"post","link":"https:\/\/girasolmultimedios.com\/portal\/abogados-del-inp-revisan-expedientes-de-mas-de-mil-reos\/","title":{"rendered":"Abogados del INP revisan expedientes de m\u00e1s de mil reos"},"content":{"rendered":"\n<p>Abogados del Instituto Nacional Penitenciario (INP), junto con jueces de ejecuci\u00f3n y defensa p\u00fablica, revisaron m\u00e1s de 1,000 expedientes de los reos del Centro Penitenciario Nacional de T\u00e1mara, en el Distrito Central.<\/p>\n\n\n\n<p>Bajo el proyecto denominado Divisi\u00f3n Jur\u00eddica Penitenciaria, los m\u00e1s de 100 profesionales del derecho que participaron en esta jornada informaron a los reclusos c\u00f3mo avanzan sus procesos judiciales y si pueden optar a beneficios penitenciarios como la libertad provisional y preliberaci\u00f3n, c\u00f3mputos de pena, entre otros.<\/p>\n\n\n\n<p>Los privados de libertad que tuvieron acceso a la asesor\u00eda legal son los que est\u00e1n en calidad de procesados y sentenciados, quienes de acuerdo a las autoridades penitenciarias, se mostraron satisfechos con la explicaci\u00f3n brindada por los togados.<\/p>\n\n\n\n<p>El director del Centro Penal de T\u00e1mara, Juan Carlos Osorto, manifest\u00f3 que \u00abeste proceso fue acompa\u00f1ado por organismos nacionales e internacionales defensores de los derechos humanos, quienes dan esa certificaci\u00f3n que el Estado y el sistema penitenciario necesita para que estos organismos sean veedores de que estas actividades se est\u00e1n realizando en beneficio de los privados de libertad\u00bb.<\/p>\n\n\n\n<p>Agreg\u00f3 que esta actividad permiti\u00f3 la actualizaci\u00f3n de los expedientes de los internos, acci\u00f3n que permite identificar los que ya tienen beneficio y los que est\u00e1n pr\u00f3ximos a recibirlos.&nbsp;<\/p>\n","protected":false},"excerpt":{"rendered":"<p>Abogados del Instituto Nacional Penitenciario (INP), junto con jueces de ejecuci\u00f3n y defensa p\u00fablica, revisaron m\u00e1s de 1,000 expedientes de los reos del Centro Penitenciario Nacional de T\u00e1mara, en el Distrito Central. Bajo el proyecto denominado Divisi\u00f3n Jur\u00eddica Penitenciaria, los m\u00e1s de 100 profesionales del derecho que participaron en esta jornada informaron a los reclusos [&hellip;]<\/p>\n","protected":false},"author":2,"featured_media":3441,"comment_status":"closed","ping_status":"open","sticky":false,"template":"","format":"standard","meta":{"_seopress_robots_primary_cat":"","_seopress_titles_title":"","_seopress_titles_desc":"","_seopress_robots_index":"","footnotes":""},"categories":[1],"tags":[],"class_list":["post-3440","post","type-post","status-publish","format-standard","has-post-thumbnail","hentry","category-sin-categoria"],"_links":{"self":[{"href":"https:\/\/girasolmultimedios.com\/portal\/wp-json\/wp\/v2\/posts\/3440","targetHints":{"allow":["GET"]}}],"collection":[{"href":"https:\/\/girasolmultimedios.com\/portal\/wp-json\/wp\/v2\/posts"}],"about":[{"href":"https:\/\/girasolmultimedios.com\/portal\/wp-json\/wp\/v2\/types\/post"}],"author":[{"embeddable":true,"href":"https:\/\/girasolmultimedios.com\/portal\/wp-json\/wp\/v2\/users\/2"}],"replies":[{"embeddable":true,"href":"https:\/\/girasolmultimedios.com\/portal\/wp-json\/wp\/v2\/comments?post=3440"}],"version-history":[{"count":1,"href":"https:\/\/girasolmultimedios.com\/portal\/wp-json\/wp\/v2\/posts\/3440\/revisions"}],"predecessor-version":[{"id":3442,"href":"https:\/\/girasolmultimedios.com\/portal\/wp-json\/wp\/v2\/posts\/3440\/revisions\/3442"}],"wp:featuredmedia":[{"embeddable":true,"href":"https:\/\/girasolmultimedios.com\/portal\/wp-json\/wp\/v2\/media\/3441"}],"wp:attachment":[{"href":"https:\/\/girasolmultimedios.com\/portal\/wp-json\/wp\/v2\/media?parent=3440"}],"wp:term":[{"taxonomy":"category","embeddable":true,"href":"https:\/\/girasolmultimedios.com\/portal\/wp-json\/wp\/v2\/categories?post=3440"},{"taxonomy":"post_tag","embeddable":true,"href":"https:\/\/girasolmultimedios.com\/portal\/wp-json\/wp\/v2\/tags?post=3440"}],"curies":[{"name":"wp","href":"https:\/\/api.w.org\/{rel}","templated":true}]}}