{"id":3464,"date":"2026-01-18T14:52:53","date_gmt":"2026-01-18T20:52:53","guid":{"rendered":"https:\/\/girasolmultimedios.com\/portal\/?p=3464"},"modified":"2026-01-18T14:52:53","modified_gmt":"2026-01-18T20:52:53","slug":"jefe-del-estado-mayor-conjunto-reafirma-lealtad-a-la-constitucion-y-a-la-bandera-nacional","status":"publish","type":"post","link":"https:\/\/girasolmultimedios.com\/portal\/jefe-del-estado-mayor-conjunto-reafirma-lealtad-a-la-constitucion-y-a-la-bandera-nacional\/","title":{"rendered":"Jefe del Estado Mayor Conjunto reafirma lealtad a la Constituci\u00f3n y a la Bandera Nacional"},"content":{"rendered":"\n<p>El jefe del Estado Mayor Conjunto de las Fuerzas Armadas de\u00a0Honduras, H\u00e9ctor Benjam\u00edn Valerio Ard\u00f3n, reafirm\u00f3 su compromiso de lealtad absoluta a la Bandera Nacional y a la Constituci\u00f3n de la Rep\u00fablica, al recordar los principios que asumi\u00f3 al tomar posesi\u00f3n de su cargo.<\/p>\n\n\n\n<p>A trav\u00e9s de un mensaje publicado en su cuenta oficial en la red social X, el alto oficial destac\u00f3 que su responsabilidad al frente del Estado Mayor Conjunto est\u00e1 basada en el respeto irrestricto al orden constitucional y a los valores que rigen a las Fuerzas Armadas.<\/p>\n\n\n\n<p>\u201cMi compromiso al asumir la Jefatura del Estado Mayor Conjunto de las Fuerzas Armadas de Honduras fue claro: \u00a1lealtad absoluta a nuestra Bandera Nacional y a la Constituci\u00f3n de la Rep\u00fablica!, consciente del honor que representa y de la responsabilidad que conlleva\u201d, expres\u00f3 Valerio Ard\u00f3n.<\/p>\n\n\n\n<figure class=\"wp-block-embed is-type-rich is-provider-twitter wp-block-embed-twitter\"><div class=\"wp-block-embed__wrapper\">\n<blockquote class=\"twitter-tweet\" data-width=\"550\" data-dnt=\"true\"><p lang=\"es\" dir=\"ltr\">Mi compromiso al asumir la Jefatura del Estado Mayor Conjunto de las <a href=\"https:\/\/twitter.com\/FFAAHN?ref_src=twsrc%5Etfw\">@FFAAHN<\/a> fue claro: \u00a1LEALTAD ABSOLUTA a nuestra Bandera Nacional \ud83c\udded\ud83c\uddf3 y a la Constituci\u00f3n de la Rep\u00fablica!, consciente del HONOR que representa y de la responsabilidad que conlleva. <a href=\"https:\/\/t.co\/s9GKSVBOii\">pic.twitter.com\/s9GKSVBOii<\/a><\/p>&mdash; General de Brigada H\u00e9ctor Benjam\u00edn Valerio Ard\u00f3n (@JefeFFAAHN) <a href=\"https:\/\/twitter.com\/JefeFFAAHN\/status\/2012400221133623322?ref_src=twsrc%5Etfw\">January 17, 2026<\/a><\/blockquote><script async src=\"https:\/\/platform.twitter.com\/widgets.js\" charset=\"utf-8\"><\/script>\n<\/div><\/figure>\n","protected":false},"excerpt":{"rendered":"<p>El jefe del Estado Mayor Conjunto de las Fuerzas Armadas de\u00a0Honduras, H\u00e9ctor Benjam\u00edn Valerio Ard\u00f3n, reafirm\u00f3 su compromiso de lealtad absoluta a la Bandera Nacional y a la Constituci\u00f3n de la Rep\u00fablica, al recordar los principios que asumi\u00f3 al tomar posesi\u00f3n de su cargo. A trav\u00e9s de un mensaje publicado en su cuenta oficial en [&hellip;]<\/p>\n","protected":false},"author":2,"featured_media":3465,"comment_status":"closed","ping_status":"open","sticky":false,"template":"","format":"standard","meta":{"_seopress_robots_primary_cat":"","_seopress_titles_title":"","_seopress_titles_desc":"","_seopress_robots_index":"","footnotes":""},"categories":[23],"tags":[25],"class_list":["post-3464","post","type-post","status-publish","format-standard","has-post-thumbnail","hentry","category-nacionales","tag-honduras"],"_links":{"self":[{"href":"https:\/\/girasolmultimedios.com\/portal\/wp-json\/wp\/v2\/posts\/3464","targetHints":{"allow":["GET"]}}],"collection":[{"href":"https:\/\/girasolmultimedios.com\/portal\/wp-json\/wp\/v2\/posts"}],"about":[{"href":"https:\/\/girasolmultimedios.com\/portal\/wp-json\/wp\/v2\/types\/post"}],"author":[{"embeddable":true,"href":"https:\/\/girasolmultimedios.com\/portal\/wp-json\/wp\/v2\/users\/2"}],"replies":[{"embeddable":true,"href":"https:\/\/girasolmultimedios.com\/portal\/wp-json\/wp\/v2\/comments?post=3464"}],"version-history":[{"count":1,"href":"https:\/\/girasolmultimedios.com\/portal\/wp-json\/wp\/v2\/posts\/3464\/revisions"}],"predecessor-version":[{"id":3466,"href":"https:\/\/girasolmultimedios.com\/portal\/wp-json\/wp\/v2\/posts\/3464\/revisions\/3466"}],"wp:featuredmedia":[{"embeddable":true,"href":"https:\/\/girasolmultimedios.com\/portal\/wp-json\/wp\/v2\/media\/3465"}],"wp:attachment":[{"href":"https:\/\/girasolmultimedios.com\/portal\/wp-json\/wp\/v2\/media?parent=3464"}],"wp:term":[{"taxonomy":"category","embeddable":true,"href":"https:\/\/girasolmultimedios.com\/portal\/wp-json\/wp\/v2\/categories?post=3464"},{"taxonomy":"post_tag","embeddable":true,"href":"https:\/\/girasolmultimedios.com\/portal\/wp-json\/wp\/v2\/tags?post=3464"}],"curies":[{"name":"wp","href":"https:\/\/api.w.org\/{rel}","templated":true}]}}