{"id":3470,"date":"2026-01-18T15:19:04","date_gmt":"2026-01-18T21:19:04","guid":{"rendered":"https:\/\/girasolmultimedios.com\/portal\/?p=3470"},"modified":"2026-01-18T15:19:04","modified_gmt":"2026-01-18T21:19:04","slug":"matan-a-golpes-a-guardia-de-seguridad-y-le-roban-su-escopeta-en-choluteca","status":"publish","type":"post","link":"https:\/\/girasolmultimedios.com\/portal\/matan-a-golpes-a-guardia-de-seguridad-y-le-roban-su-escopeta-en-choluteca\/","title":{"rendered":"Matan a golpes a guardia de seguridad y le roban su escopeta en Choluteca"},"content":{"rendered":"\n<p>Un hombre de la tercera edad que se desempe\u00f1aba como guardia de seguridad fue asesinado de manera violenta la madrugada de este domingo en la ciudad de<strong>\u00a0Choluteca<\/strong>, en un hecho que ha generado conmoci\u00f3n entre la comunidad local.<\/p>\n\n\n\n<p>La v\u00edctima fue identificada como<strong>\u00a0V\u00edctor<\/strong>, originario del municipio de\u00a0<strong>El Corpus,<\/strong>\u00a0quien laboraba como guardia de seguridad en un reconocido restaurante de la zona. Seg\u00fan las im\u00e1genes captadas por las c\u00e1maras de seguridad del establecimiento, el hombre fue atacado brutalmente a golpes con un palo por un sujeto que, tras agredirlo, le sustrajo su escopeta.<\/p>\n\n\n\n<p>Tras el ataque, la v\u00edctima fue trasladada de emergencia al\u00a0<strong>Hospital Escuela<\/strong>, donde lamentablemente falleci\u00f3 a causa de las heridas recibidas.<\/p>\n\n\n\n<p>Las autoridades locales se encuentran investigando el crimen, revisando las grabaciones de las c\u00e1maras de seguridad y buscando al responsable, mientras familiares y vecinos lamentan la p\u00e9rdida de un adulto mayor que era apreciado en la comunidad y en su lugar de trabajo.<\/p>\n\n\n\n<p>Este hecho vuelve a poner de manifiesto la vulnerabilidad del personal de seguridad y la creciente preocupaci\u00f3n por la violencia en la regi\u00f3n.<\/p>\n","protected":false},"excerpt":{"rendered":"<p>Un hombre de la tercera edad que se desempe\u00f1aba como guardia de seguridad fue asesinado de manera violenta la madrugada de este domingo en la ciudad de\u00a0Choluteca, en un hecho que ha generado conmoci\u00f3n entre la comunidad local. La v\u00edctima fue identificada como\u00a0V\u00edctor, originario del municipio de\u00a0El Corpus,\u00a0quien laboraba como guardia de seguridad en un [&hellip;]<\/p>\n","protected":false},"author":2,"featured_media":3471,"comment_status":"closed","ping_status":"open","sticky":false,"template":"","format":"standard","meta":{"_seopress_robots_primary_cat":"","_seopress_titles_title":"","_seopress_titles_desc":"","_seopress_robots_index":"","footnotes":""},"categories":[23],"tags":[25,214],"class_list":["post-3470","post","type-post","status-publish","format-standard","has-post-thumbnail","hentry","category-nacionales","tag-honduras","tag-sucesos"],"_links":{"self":[{"href":"https:\/\/girasolmultimedios.com\/portal\/wp-json\/wp\/v2\/posts\/3470","targetHints":{"allow":["GET"]}}],"collection":[{"href":"https:\/\/girasolmultimedios.com\/portal\/wp-json\/wp\/v2\/posts"}],"about":[{"href":"https:\/\/girasolmultimedios.com\/portal\/wp-json\/wp\/v2\/types\/post"}],"author":[{"embeddable":true,"href":"https:\/\/girasolmultimedios.com\/portal\/wp-json\/wp\/v2\/users\/2"}],"replies":[{"embeddable":true,"href":"https:\/\/girasolmultimedios.com\/portal\/wp-json\/wp\/v2\/comments?post=3470"}],"version-history":[{"count":1,"href":"https:\/\/girasolmultimedios.com\/portal\/wp-json\/wp\/v2\/posts\/3470\/revisions"}],"predecessor-version":[{"id":3472,"href":"https:\/\/girasolmultimedios.com\/portal\/wp-json\/wp\/v2\/posts\/3470\/revisions\/3472"}],"wp:featuredmedia":[{"embeddable":true,"href":"https:\/\/girasolmultimedios.com\/portal\/wp-json\/wp\/v2\/media\/3471"}],"wp:attachment":[{"href":"https:\/\/girasolmultimedios.com\/portal\/wp-json\/wp\/v2\/media?parent=3470"}],"wp:term":[{"taxonomy":"category","embeddable":true,"href":"https:\/\/girasolmultimedios.com\/portal\/wp-json\/wp\/v2\/categories?post=3470"},{"taxonomy":"post_tag","embeddable":true,"href":"https:\/\/girasolmultimedios.com\/portal\/wp-json\/wp\/v2\/tags?post=3470"}],"curies":[{"name":"wp","href":"https:\/\/api.w.org\/{rel}","templated":true}]}}