{"id":3476,"date":"2026-01-19T09:52:13","date_gmt":"2026-01-19T15:52:13","guid":{"rendered":"https:\/\/girasolmultimedios.com\/portal\/?p=3476"},"modified":"2026-01-19T09:52:13","modified_gmt":"2026-01-19T15:52:13","slug":"arranca-el-primer-periodo-academico-2026-en-la-unah-con-mas-de-65-mil-alumnos","status":"publish","type":"post","link":"https:\/\/girasolmultimedios.com\/portal\/arranca-el-primer-periodo-academico-2026-en-la-unah-con-mas-de-65-mil-alumnos\/","title":{"rendered":"Arranca el primer per\u00edodo acad\u00e9mico 2026 en la UNAH con m\u00e1s de 65 mil alumnos"},"content":{"rendered":"\n<p>M\u00e1s de 65 mil estudiantes iniciaron este lunes el primer per\u00edodo acad\u00e9mico 2026 en la Universidad Nacional Aut\u00f3noma de\u00a0Honduras\u00a0(UNAH), marcando el regreso masivo a las aulas en los distintos campus a nivel nacional.<\/p>\n\n\n\n<p>El inicio del nuevo per\u00edodo estuvo acompa\u00f1ado de un ambiente de entusiasmo y expectativas, con miles de j\u00f3venes retomando sus actividades acad\u00e9micas desde tempranas horas. En Ciudad Universitaria, en Tegucigalpa, se observ\u00f3 un importante movimiento de estudiantes, docentes y personal administrativo.<\/p>\n\n\n\n<p>En el campus de la capital, el rector Odir Fern\u00e1ndez, junto a otras autoridades acad\u00e9micas, dio la bienvenida a los universitarios, destacando el compromiso institucional con la formaci\u00f3n profesional y el fortalecimiento de la educaci\u00f3n superior p\u00fablica.<\/p>\n\n\n\n<p>No obstante, el inicio de clases tambi\u00e9n tuvo impacto en la movilidad urbana. En Tegucigalpa, el caos vehicular volvi\u00f3 a hacerse presente en las principales rutas que conducen a la UNAH, agravado por la alta afluencia de estudiantes y por tomas realizadas por colectivos del partido Libertad y Refundaci\u00f3n (Libre).<\/p>\n\n\n\n<p>La capital, cuya capacidad vial ya se encuentra rebasada, colaps\u00f3 nuevamente durante la ma\u00f1ana de este lunes, con extensas filas de veh\u00edculos y retrasos en los accesos a Ciudad Universitaria y zonas aleda\u00f1as.<\/p>\n\n\n\n<p>Las autoridades recomiendan a los conductores tomar rutas alternas y salir con mayor anticipaci\u00f3n durante los primeros d\u00edas del per\u00edodo acad\u00e9mico, mientras se normaliza el flujo vehicular en la ciudad.<\/p>\n","protected":false},"excerpt":{"rendered":"<p>M\u00e1s de 65 mil estudiantes iniciaron este lunes el primer per\u00edodo acad\u00e9mico 2026 en la Universidad Nacional Aut\u00f3noma de\u00a0Honduras\u00a0(UNAH), marcando el regreso masivo a las aulas en los distintos campus a nivel nacional. El inicio del nuevo per\u00edodo estuvo acompa\u00f1ado de un ambiente de entusiasmo y expectativas, con miles de j\u00f3venes retomando sus actividades acad\u00e9micas [&hellip;]<\/p>\n","protected":false},"author":2,"featured_media":3477,"comment_status":"closed","ping_status":"open","sticky":false,"template":"","format":"standard","meta":{"_seopress_robots_primary_cat":"","_seopress_titles_title":"","_seopress_titles_desc":"","_seopress_robots_index":"","footnotes":""},"categories":[1],"tags":[],"class_list":["post-3476","post","type-post","status-publish","format-standard","has-post-thumbnail","hentry","category-sin-categoria"],"_links":{"self":[{"href":"https:\/\/girasolmultimedios.com\/portal\/wp-json\/wp\/v2\/posts\/3476","targetHints":{"allow":["GET"]}}],"collection":[{"href":"https:\/\/girasolmultimedios.com\/portal\/wp-json\/wp\/v2\/posts"}],"about":[{"href":"https:\/\/girasolmultimedios.com\/portal\/wp-json\/wp\/v2\/types\/post"}],"author":[{"embeddable":true,"href":"https:\/\/girasolmultimedios.com\/portal\/wp-json\/wp\/v2\/users\/2"}],"replies":[{"embeddable":true,"href":"https:\/\/girasolmultimedios.com\/portal\/wp-json\/wp\/v2\/comments?post=3476"}],"version-history":[{"count":1,"href":"https:\/\/girasolmultimedios.com\/portal\/wp-json\/wp\/v2\/posts\/3476\/revisions"}],"predecessor-version":[{"id":3478,"href":"https:\/\/girasolmultimedios.com\/portal\/wp-json\/wp\/v2\/posts\/3476\/revisions\/3478"}],"wp:featuredmedia":[{"embeddable":true,"href":"https:\/\/girasolmultimedios.com\/portal\/wp-json\/wp\/v2\/media\/3477"}],"wp:attachment":[{"href":"https:\/\/girasolmultimedios.com\/portal\/wp-json\/wp\/v2\/media?parent=3476"}],"wp:term":[{"taxonomy":"category","embeddable":true,"href":"https:\/\/girasolmultimedios.com\/portal\/wp-json\/wp\/v2\/categories?post=3476"},{"taxonomy":"post_tag","embeddable":true,"href":"https:\/\/girasolmultimedios.com\/portal\/wp-json\/wp\/v2\/tags?post=3476"}],"curies":[{"name":"wp","href":"https:\/\/api.w.org\/{rel}","templated":true}]}}