{"id":3479,"date":"2026-01-19T09:55:05","date_gmt":"2026-01-19T15:55:05","guid":{"rendered":"https:\/\/girasolmultimedios.com\/portal\/?p=3479"},"modified":"2026-01-19T09:55:05","modified_gmt":"2026-01-19T15:55:05","slug":"maria-antonieta-mejia-afirma-que-no-hay-acercamientos-para-la-transicion","status":"publish","type":"post","link":"https:\/\/girasolmultimedios.com\/portal\/maria-antonieta-mejia-afirma-que-no-hay-acercamientos-para-la-transicion\/","title":{"rendered":"Mar\u00eda Antonieta Mej\u00eda afirma que no hay acercamientos para la transici\u00f3n"},"content":{"rendered":"\n<p>La designada presidencial electa, Mar\u00eda Antonieta Mej\u00eda, confirm\u00f3 este lunes que, a una semana del traspaso de mando, no ha existido ning\u00fan acercamiento por parte de la comisi\u00f3n nombrada por la presidenta Xiomara Castro para el proceso de transici\u00f3n de gobierno, previsto para el martes 27 de enero en el\u00a0Congreso Nacional.<\/p>\n\n\n\n<p>Mej\u00eda se\u00f1al\u00f3 que el equipo del gobierno entrante aguardar\u00e1 el regreso del presidente electo Nasry Asfura, quien se encuentra fuera del pa\u00eds en una gira de trabajo que incluy\u00f3 Estados Unidos e Israel.<\/p>\n\n\n\n<p>La designada presidencial indic\u00f3 que ser\u00e1 Asfura quien determine si se recibir\u00e1 el informe que pretende presentar la comisi\u00f3n de transici\u00f3n del gobierno saliente.<\/p>\n\n\n\n<p>No obstante, aclar\u00f3 que el proceso adecuado de rendici\u00f3n de cuentas debe realizarse mediante reuniones directas entre cada secretar\u00eda de Estado y el equipo del nuevo gobierno, para informar sobre finanzas, personal y asuntos pendientes.<\/p>\n\n\n\n<p>Mej\u00eda explic\u00f3 que el Poder Ejecutivo planea presentar un informe final como parte del proceso de transici\u00f3n.<\/p>\n\n\n\n<p>El pasado 15 de enero, la presidenta Castro design\u00f3 al ministro de Gobernaci\u00f3n, Tom\u00e1s Vaquero, junto a Russel Garay, de Servicio Civil, y Gustavo S\u00e1nchez, de la Secretar\u00eda de Seguridad, como responsables de la transici\u00f3n gubernamental.<\/p>\n\n\n\n<p>Durante el fin de semana, Vaquero reconoci\u00f3 que el proceso de transici\u00f3n presenta retrasos y asegur\u00f3 que espera el retorno del presidente electo Nasry Asfura para avanzar en el proceso.<\/p>\n","protected":false},"excerpt":{"rendered":"<p>La designada presidencial electa, Mar\u00eda Antonieta Mej\u00eda, confirm\u00f3 este lunes que, a una semana del traspaso de mando, no ha existido ning\u00fan acercamiento por parte de la comisi\u00f3n nombrada por la presidenta Xiomara Castro para el proceso de transici\u00f3n de gobierno, previsto para el martes 27 de enero en el\u00a0Congreso Nacional. Mej\u00eda se\u00f1al\u00f3 que el [&hellip;]<\/p>\n","protected":false},"author":2,"featured_media":3480,"comment_status":"closed","ping_status":"open","sticky":false,"template":"","format":"standard","meta":{"_seopress_robots_primary_cat":"","_seopress_titles_title":"","_seopress_titles_desc":"","_seopress_robots_index":"","footnotes":""},"categories":[1],"tags":[],"class_list":["post-3479","post","type-post","status-publish","format-standard","has-post-thumbnail","hentry","category-sin-categoria"],"_links":{"self":[{"href":"https:\/\/girasolmultimedios.com\/portal\/wp-json\/wp\/v2\/posts\/3479","targetHints":{"allow":["GET"]}}],"collection":[{"href":"https:\/\/girasolmultimedios.com\/portal\/wp-json\/wp\/v2\/posts"}],"about":[{"href":"https:\/\/girasolmultimedios.com\/portal\/wp-json\/wp\/v2\/types\/post"}],"author":[{"embeddable":true,"href":"https:\/\/girasolmultimedios.com\/portal\/wp-json\/wp\/v2\/users\/2"}],"replies":[{"embeddable":true,"href":"https:\/\/girasolmultimedios.com\/portal\/wp-json\/wp\/v2\/comments?post=3479"}],"version-history":[{"count":1,"href":"https:\/\/girasolmultimedios.com\/portal\/wp-json\/wp\/v2\/posts\/3479\/revisions"}],"predecessor-version":[{"id":3481,"href":"https:\/\/girasolmultimedios.com\/portal\/wp-json\/wp\/v2\/posts\/3479\/revisions\/3481"}],"wp:featuredmedia":[{"embeddable":true,"href":"https:\/\/girasolmultimedios.com\/portal\/wp-json\/wp\/v2\/media\/3480"}],"wp:attachment":[{"href":"https:\/\/girasolmultimedios.com\/portal\/wp-json\/wp\/v2\/media?parent=3479"}],"wp:term":[{"taxonomy":"category","embeddable":true,"href":"https:\/\/girasolmultimedios.com\/portal\/wp-json\/wp\/v2\/categories?post=3479"},{"taxonomy":"post_tag","embeddable":true,"href":"https:\/\/girasolmultimedios.com\/portal\/wp-json\/wp\/v2\/tags?post=3479"}],"curies":[{"name":"wp","href":"https:\/\/api.w.org\/{rel}","templated":true}]}}