{"id":3482,"date":"2026-01-19T09:57:18","date_gmt":"2026-01-19T15:57:18","guid":{"rendered":"https:\/\/girasolmultimedios.com\/portal\/?p=3482"},"modified":"2026-01-19T09:57:18","modified_gmt":"2026-01-19T15:57:18","slug":"ffaa-localizan-plantacion-de-coca-con-16-mil-arbustos-en-colon","status":"publish","type":"post","link":"https:\/\/girasolmultimedios.com\/portal\/ffaa-localizan-plantacion-de-coca-con-16-mil-arbustos-en-colon\/","title":{"rendered":"FFAA localizan plantaci\u00f3n de coca con 16 mil arbustos en Col\u00f3n"},"content":{"rendered":"\n<p>Las Fuerzas Armadas de\u00a0Honduras, a trav\u00e9s de equipos t\u00e1cticos de la Direcci\u00f3n de Informaci\u00f3n Estrat\u00e9gica y de la Polic\u00eda Militar del Orden P\u00fablico (PMOP), localizaron y aseguraron una nueva plantaci\u00f3n de arbustos de hoja de coca en el sector monta\u00f1oso de la aldea Icoteas, municipio de Lim\u00f3n, departamento de Col\u00f3n.<\/p>\n\n\n\n<p>De acuerdo con el informe oficial, la plantaci\u00f3n tiene una extensi\u00f3n aproximada de ocho manzanas de tierra, en las que se contabilizaron alrededor de 16 mil arbustos de hoja de coca.<\/p>\n\n\n\n<p>Durante la operaci\u00f3n, las fuerzas de seguridad tambi\u00e9n aseguraron una instalaci\u00f3n artesanal, en la que se encontraron precursores qu\u00edmicos utilizados para el procesamiento de droga, lo que evidencia la actividad il\u00edcita en la zona.<\/p>\n\n\n\n<p>Las autoridades informaron que, tras completar el procedimiento que establece la ley y en coordinaci\u00f3n con fiscales del Ministerio P\u00fablico, se proceder\u00e1 a la erradicaci\u00f3n total de la plantaci\u00f3n y la destrucci\u00f3n de la infraestructura ilegal.<\/p>\n\n\n\n<p>Seg\u00fan datos proporcionados por las Fuerzas Armadas, en lo que va de 2026 se han asegurado tres plantaciones con m\u00e1s de 32 mil arbustos de hoja de coca, adem\u00e1s de la destrucci\u00f3n de dos instalaciones artesanales destinadas al procesamiento de droga.<\/p>\n","protected":false},"excerpt":{"rendered":"<p>Las Fuerzas Armadas de\u00a0Honduras, a trav\u00e9s de equipos t\u00e1cticos de la Direcci\u00f3n de Informaci\u00f3n Estrat\u00e9gica y de la Polic\u00eda Militar del Orden P\u00fablico (PMOP), localizaron y aseguraron una nueva plantaci\u00f3n de arbustos de hoja de coca en el sector monta\u00f1oso de la aldea Icoteas, municipio de Lim\u00f3n, departamento de Col\u00f3n. De acuerdo con el informe [&hellip;]<\/p>\n","protected":false},"author":2,"featured_media":3483,"comment_status":"closed","ping_status":"open","sticky":false,"template":"","format":"standard","meta":{"_seopress_robots_primary_cat":"","_seopress_titles_title":"","_seopress_titles_desc":"","_seopress_robots_index":"","footnotes":""},"categories":[1],"tags":[],"class_list":["post-3482","post","type-post","status-publish","format-standard","has-post-thumbnail","hentry","category-sin-categoria"],"_links":{"self":[{"href":"https:\/\/girasolmultimedios.com\/portal\/wp-json\/wp\/v2\/posts\/3482","targetHints":{"allow":["GET"]}}],"collection":[{"href":"https:\/\/girasolmultimedios.com\/portal\/wp-json\/wp\/v2\/posts"}],"about":[{"href":"https:\/\/girasolmultimedios.com\/portal\/wp-json\/wp\/v2\/types\/post"}],"author":[{"embeddable":true,"href":"https:\/\/girasolmultimedios.com\/portal\/wp-json\/wp\/v2\/users\/2"}],"replies":[{"embeddable":true,"href":"https:\/\/girasolmultimedios.com\/portal\/wp-json\/wp\/v2\/comments?post=3482"}],"version-history":[{"count":1,"href":"https:\/\/girasolmultimedios.com\/portal\/wp-json\/wp\/v2\/posts\/3482\/revisions"}],"predecessor-version":[{"id":3484,"href":"https:\/\/girasolmultimedios.com\/portal\/wp-json\/wp\/v2\/posts\/3482\/revisions\/3484"}],"wp:featuredmedia":[{"embeddable":true,"href":"https:\/\/girasolmultimedios.com\/portal\/wp-json\/wp\/v2\/media\/3483"}],"wp:attachment":[{"href":"https:\/\/girasolmultimedios.com\/portal\/wp-json\/wp\/v2\/media?parent=3482"}],"wp:term":[{"taxonomy":"category","embeddable":true,"href":"https:\/\/girasolmultimedios.com\/portal\/wp-json\/wp\/v2\/categories?post=3482"},{"taxonomy":"post_tag","embeddable":true,"href":"https:\/\/girasolmultimedios.com\/portal\/wp-json\/wp\/v2\/tags?post=3482"}],"curies":[{"name":"wp","href":"https:\/\/api.w.org\/{rel}","templated":true}]}}